{"id":3006,"date":"2018-07-29T18:28:42","date_gmt":"2018-07-29T21:28:42","guid":{"rendered":"https:\/\/pcce.com.ar\/pcce\/?p=3006"},"modified":"2018-07-29T18:28:42","modified_gmt":"2018-07-29T21:28:42","slug":"general-villegas-contra-la-reforma-laboral","status":"publish","type":"post","link":"https:\/\/pcce.com.ar\/pcce\/2018\/07\/29\/general-villegas-contra-la-reforma-laboral\/","title":{"rendered":"GENERAL VILLEGAS: Contra la reforma laboral"},"content":{"rendered":"<div class=\"story\">\n<h4 class=\"basic-paragraph\"><span class=\"mayuscula\">GENERAL VILLEGAS<\/span><\/h4>\n<\/div>\n<div class=\"story\">\n<h1 class=\"titulo-2\">Contra la reforma laboral<\/h1>\n<\/div>\n<div class=\"story\">\n<p class=\"recuadro-letra-capitular\">Los y las camaradas de General Villegas organizaron en el Club Sportivo una charla informativa sobre los aspectos legales de la Reforma Laboral impulsada por el Gobierno Nacional a trav\u00e9s de tres proyectos de ley impulsados este a\u00f1o. La disertaci\u00f3n estuvo a cargo del compa\u00f1ero Alejandro Balbi, asesor legal de la Asociaci\u00f3n Sindical de Trabajadores Municipales, y referente del PCCE local.<\/p>\n<p class=\"recuadro-letra\">Entre los aspectos m\u00e1s graves para los intereses de los trabajadores, se resalt\u00f3 la reducci\u00f3n y derogaci\u00f3n de multas, la reducci\u00f3n de aportes patronales, la creaci\u00f3n del fondo de cese laboral y la creaci\u00f3n de figuras laborales que atentan con la naturaleza misma de un contrato de trabajo, entre otras.<\/p>\n<p class=\"recuadro-letra\">Se record\u00f3 que la \u00faltima experiencia neoliberal del gobierno menemista, impuls\u00f3 reformas similares y con las mismas creencias de que \u00e9stas \u201cgenerar\u00edan m\u00e1s empleo y competitividad\u201d, pero dejaron al pa\u00eds con un 53% de pobreza, un 22% de indigencia y un 25% de desempleo, estallando en la crisis del 2001.<\/p>\n<p class=\"recuadro-letra\">Concluyendo, el compa\u00f1ero Balbi destac\u00f3: \u201cNuestro desaf\u00edo como Partido sigue siendo construir desde abajo, en las luchas, junto a quienes est\u00e1n decididos a confrontar con el neoliberalismo. Lograr que estas fuerzas de resistencia confluyan en una gran fuerza pol\u00edtica de car\u00e1cter frentista. Y que la unidad no sea una simple consigna, sino la necesidad vital que es, la unidad del campo popular frente al desguace neoliberal. Ese es nuestro aporte como la Izquierda en Unidad Ciudadana, que el PCCE est\u00e1 dispuesto hacer\u201d.<\/p>\n<\/div>\n","protected":false},"excerpt":{"rendered":"<p>GENERAL VILLEGAS Contra la reforma laboral Los y las camaradas de General Villegas organizaron en el Club Sportivo una charla informativa sobre los aspectos legales de la Reforma Laboral impulsada por el Gobierno Nacional a trav\u00e9s de tres proyectos de ley impulsados este a\u00f1o. La disertaci\u00f3n estuvo a cargo del compa\u00f1ero Alejandro Balbi, asesor legal [&hellip;]<\/p>\n","protected":false},"author":1,"featured_media":2981,"comment_status":"closed","ping_status":"closed","sticky":false,"template":"","format":"standard","meta":{"tdm_status":"","tdm_grid_status":"","footnotes":""},"categories":[9],"tags":[],"class_list":["post-3006","post","type-post","status-publish","format-standard","has-post-thumbnail","hentry","category-vidadepartido"],"_links":{"self":[{"href":"https:\/\/pcce.com.ar\/pcce\/wp-json\/wp\/v2\/posts\/3006","targetHints":{"allow":["GET"]}}],"collection":[{"href":"https:\/\/pcce.com.ar\/pcce\/wp-json\/wp\/v2\/posts"}],"about":[{"href":"https:\/\/pcce.com.ar\/pcce\/wp-json\/wp\/v2\/types\/post"}],"author":[{"embeddable":true,"href":"https:\/\/pcce.com.ar\/pcce\/wp-json\/wp\/v2\/users\/1"}],"replies":[{"embeddable":true,"href":"https:\/\/pcce.com.ar\/pcce\/wp-json\/wp\/v2\/comments?post=3006"}],"version-history":[{"count":0,"href":"https:\/\/pcce.com.ar\/pcce\/wp-json\/wp\/v2\/posts\/3006\/revisions"}],"wp:featuredmedia":[{"embeddable":true,"href":"https:\/\/pcce.com.ar\/pcce\/wp-json\/wp\/v2\/media\/2981"}],"wp:attachment":[{"href":"https:\/\/pcce.com.ar\/pcce\/wp-json\/wp\/v2\/media?parent=3006"}],"wp:term":[{"taxonomy":"category","embeddable":true,"href":"https:\/\/pcce.com.ar\/pcce\/wp-json\/wp\/v2\/categories?post=3006"},{"taxonomy":"post_tag","embeddable":true,"href":"https:\/\/pcce.com.ar\/pcce\/wp-json\/wp\/v2\/tags?post=3006"}],"curies":[{"name":"wp","href":"https:\/\/api.w.org\/{rel}","templated":true}]}}