{"id":3008,"date":"2018-07-29T18:30:43","date_gmt":"2018-07-29T21:30:43","guid":{"rendered":"https:\/\/pcce.com.ar\/pcce\/?p=3008"},"modified":"2018-07-29T18:30:43","modified_gmt":"2018-07-29T21:30:43","slug":"en-el-mano-a-mano-con-nuestra-palabra","status":"publish","type":"post","link":"https:\/\/pcce.com.ar\/pcce\/2018\/07\/29\/en-el-mano-a-mano-con-nuestra-palabra\/","title":{"rendered":"En el mano a mano, con Nuestra Palabra"},"content":{"rendered":"<div class=\"story\">\n<h4 class=\"basic-paragraph\"><span class=\"mayuscula\">CAMPA\u00d1A DE DIFUSI\u00d3N DE LA PRENSA PARTIDARIA<\/span><\/h4>\n<div class=\"story\">\n<h1 class=\"basic-paragraph\">En el mano a mano, con Nuestra Palabra<\/h1>\n<\/div>\n<div class=\"story\" style=\"text-align: justify;\">\u00a0 El pasado 21 de julio, en el marco de una nueva campa\u00f1a de difusi\u00f3n de nuestro peri\u00f3dico (con el fin de desplegar a fondo todo el potencial de nuestro \u00f3rgano partidario) nos hicimos presentes en Villa Corina para instalar la venta y difusi\u00f3n de Nuestra Palabra, charlar con los vecinos y juntar nuevos v\u00ednculos.<\/div>\n<\/div>\n<div class=\"story\">\n<p class=\"texto-general\" style=\"text-align: justify;\">Para nosotros, leninistas, la prensa cumple un rol fundamental. En primer lugar, es uno de los ejes de nuestra estructuraci\u00f3n partidaria y, en segundo t\u00e9rmino, es el medio principal para llegar a m\u00e1s compatriotas con nuestras ideas y nuestra l\u00ednea pol\u00edtica. Nuestra Palabra es nuestra carta de presentaci\u00f3n. Por tanto, es imprescindible explotar al m\u00e1ximo todas sus posibilidades, para que juegue el rol que le corresponde en el fortalecimiento de nuestra organizaci\u00f3n: para que sea una herramienta de construcci\u00f3n partidaria y frentista.<\/p>\n<p class=\"texto-general\" style=\"text-align: justify;\">Sumado a todo esto, con el cerco medi\u00e1tico que instalan los monopolios de la comunicaci\u00f3n, m\u00e1s importancia y m\u00e1s potencial tiene NP para ser una voz alternativa que muestre la realidad del pueblo tal cual es.<\/p>\n<p class=\"texto-general\" style=\"text-align: justify;\">Entendemos este como el primer paso de un plan de difusi\u00f3n de nuestra prensa en la Provincia de Buenos Aires, y desde ah\u00ed hacia otros distritos y provincias; como una forma de contribuir a la resistencia frente al neoliberalismo de la Alianza Cambiemos y aportar a la construcci\u00f3n de la fuerza pol\u00edtica que, con la conducci\u00f3n de Cristina, vuelva a retomar la senda del proyecto nacional y popular en 2019.<\/p>\n<\/div>\n","protected":false},"excerpt":{"rendered":"<p>CAMPA\u00d1A DE DIFUSI\u00d3N DE LA PRENSA PARTIDARIA En el mano a mano, con Nuestra Palabra \u00a0 El pasado 21 de julio, en el marco de una nueva campa\u00f1a de difusi\u00f3n de nuestro peri\u00f3dico (con el fin de desplegar a fondo todo el potencial de nuestro \u00f3rgano partidario) nos hicimos presentes en Villa Corina para instalar [&hellip;]<\/p>\n","protected":false},"author":1,"featured_media":2979,"comment_status":"closed","ping_status":"closed","sticky":false,"template":"","format":"standard","meta":{"tdm_status":"","tdm_grid_status":"","footnotes":""},"categories":[4,9],"tags":[],"class_list":["post-3008","post","type-post","status-publish","format-standard","has-post-thumbnail","hentry","category-featured","category-vidadepartido"],"_links":{"self":[{"href":"https:\/\/pcce.com.ar\/pcce\/wp-json\/wp\/v2\/posts\/3008","targetHints":{"allow":["GET"]}}],"collection":[{"href":"https:\/\/pcce.com.ar\/pcce\/wp-json\/wp\/v2\/posts"}],"about":[{"href":"https:\/\/pcce.com.ar\/pcce\/wp-json\/wp\/v2\/types\/post"}],"author":[{"embeddable":true,"href":"https:\/\/pcce.com.ar\/pcce\/wp-json\/wp\/v2\/users\/1"}],"replies":[{"embeddable":true,"href":"https:\/\/pcce.com.ar\/pcce\/wp-json\/wp\/v2\/comments?post=3008"}],"version-history":[{"count":0,"href":"https:\/\/pcce.com.ar\/pcce\/wp-json\/wp\/v2\/posts\/3008\/revisions"}],"wp:featuredmedia":[{"embeddable":true,"href":"https:\/\/pcce.com.ar\/pcce\/wp-json\/wp\/v2\/media\/2979"}],"wp:attachment":[{"href":"https:\/\/pcce.com.ar\/pcce\/wp-json\/wp\/v2\/media?parent=3008"}],"wp:term":[{"taxonomy":"category","embeddable":true,"href":"https:\/\/pcce.com.ar\/pcce\/wp-json\/wp\/v2\/categories?post=3008"},{"taxonomy":"post_tag","embeddable":true,"href":"https:\/\/pcce.com.ar\/pcce\/wp-json\/wp\/v2\/tags?post=3008"}],"curies":[{"name":"wp","href":"https:\/\/api.w.org\/{rel}","templated":true}]}}