{"id":3371,"date":"2018-11-04T19:23:31","date_gmt":"2018-11-04T22:23:31","guid":{"rendered":"https:\/\/pcce.com.ar\/pcce\/?p=3371"},"modified":"2019-03-13T15:19:22","modified_gmt":"2019-03-13T18:19:22","slug":"conflicto-en-telam-119-dias-de-permanencia-y-paro","status":"publish","type":"post","link":"https:\/\/pcce.com.ar\/pcce\/2018\/11\/04\/conflicto-en-telam-119-dias-de-permanencia-y-paro\/","title":{"rendered":"CONFLICTO EN T\u00c9LAM: 119 d\u00edas de permanencia y paro"},"content":{"rendered":"<div class=\"story\">\n<h5 class=\"basic-paragraph\"><span class=\"mayuscula\">CONFLICTO EN T\u00c9LAM<\/span><\/h5>\n<\/div>\n<div class=\"story\">\n<h1 class=\"titulo-2\">119 d\u00edas de permanencia y paro<\/h1>\n<\/div>\n<div class=\"story\">\n<p class=\"recuadro-letra-capitular\">Siempre estuvimos convencidos de que \u00edbamos a ganar, porque nos arrebataron nuestro trabajo de forma ilegal. Sab\u00edamos que luch\u00e1bamos por una causa justa. De los 357 despedidos, 139 son mujeres. Muchas de ellas organizadas en el movimiento feminista activamente, otras jefas de hogar que lucharon incansablemente no solo por la reincorporaci\u00f3n de sus puestos de trabajo, sino para recuperar la dignidad como trabajadoras. La fuerza para resistir y bancar vino acompa\u00f1ada de las distintas actividades que impulsamos a lo largo de la lucha: semaforazos, campa\u00f1as publicitarias, festivales, actividades durante las vacaciones de invierno, charlas, debates y acompa\u00f1amiento pol\u00edtico, social y de la comunidad en general. Fue as\u00ed como contamos con la participaci\u00f3n de m\u00fasicos, actores, artistas, pol\u00edticos sin distinci\u00f3n. Entre todos los acontecimientos, vale mencionar el Festival de \u201cM\u00daSICOS POR TELAM\u201d con la participaci\u00f3n de La Perra que los Pari\u00f3, Caramelo Santo, La Delio Valdez, entre otros. Los artistas callejeros nos abrazaron en una jornada a puro circo en el Festival \u201cRISA DE ELEFANTE\u201d, donde el Payaso Chacovachi ofreci\u00f3 una funci\u00f3n a beneficio de los trabajadores de T\u00e9lam donando todo lo recaudado all\u00ed.<\/p>\n<p class=\"recuadro-letra\">Logramos as\u00ed, que tanto los despedidos como los no despedidos, se unieran y organizaran para llevar a cabo lo que termin\u00f3 siendo un colectivo de trabajadores no solo en busca de las reincorporaciones, sino tambi\u00e9n en defensa de una Agencia estatal, plural y federal.<\/p>\n<\/div>\n","protected":false},"excerpt":{"rendered":"<p>CONFLICTO EN T\u00c9LAM 119 d\u00edas de permanencia y paro Siempre estuvimos convencidos de que \u00edbamos a ganar, porque nos arrebataron nuestro trabajo de forma ilegal. Sab\u00edamos que luch\u00e1bamos por una causa justa. De los 357 despedidos, 139 son mujeres. Muchas de ellas organizadas en el movimiento feminista activamente, otras jefas de hogar que lucharon incansablemente [&hellip;]<\/p>\n","protected":false},"author":1,"featured_media":3345,"comment_status":"closed","ping_status":"closed","sticky":false,"template":"","format":"standard","meta":{"tdm_status":"","tdm_grid_status":"","footnotes":""},"categories":[38,9],"tags":[],"class_list":["post-3371","post","type-post","status-publish","format-standard","has-post-thumbnail","hentry","category-sindical","category-vidadepartido"],"_links":{"self":[{"href":"https:\/\/pcce.com.ar\/pcce\/wp-json\/wp\/v2\/posts\/3371","targetHints":{"allow":["GET"]}}],"collection":[{"href":"https:\/\/pcce.com.ar\/pcce\/wp-json\/wp\/v2\/posts"}],"about":[{"href":"https:\/\/pcce.com.ar\/pcce\/wp-json\/wp\/v2\/types\/post"}],"author":[{"embeddable":true,"href":"https:\/\/pcce.com.ar\/pcce\/wp-json\/wp\/v2\/users\/1"}],"replies":[{"embeddable":true,"href":"https:\/\/pcce.com.ar\/pcce\/wp-json\/wp\/v2\/comments?post=3371"}],"version-history":[{"count":0,"href":"https:\/\/pcce.com.ar\/pcce\/wp-json\/wp\/v2\/posts\/3371\/revisions"}],"wp:featuredmedia":[{"embeddable":true,"href":"https:\/\/pcce.com.ar\/pcce\/wp-json\/wp\/v2\/media\/3345"}],"wp:attachment":[{"href":"https:\/\/pcce.com.ar\/pcce\/wp-json\/wp\/v2\/media?parent=3371"}],"wp:term":[{"taxonomy":"category","embeddable":true,"href":"https:\/\/pcce.com.ar\/pcce\/wp-json\/wp\/v2\/categories?post=3371"},{"taxonomy":"post_tag","embeddable":true,"href":"https:\/\/pcce.com.ar\/pcce\/wp-json\/wp\/v2\/tags?post=3371"}],"curies":[{"name":"wp","href":"https:\/\/api.w.org\/{rel}","templated":true}]}}