{"id":3402,"date":"2018-11-20T11:18:41","date_gmt":"2018-11-20T14:18:41","guid":{"rendered":"https:\/\/pcce.com.ar\/pcce\/?p=3402"},"modified":"2019-03-13T15:07:27","modified_gmt":"2019-03-13T18:07:27","slug":"uner-triunfo-del-campo-popular-en-parana","status":"publish","type":"post","link":"https:\/\/pcce.com.ar\/pcce\/2018\/11\/20\/uner-triunfo-del-campo-popular-en-parana\/","title":{"rendered":"UNER: Triunfo del campo popular en Paran\u00e1"},"content":{"rendered":"<div class=\"story\">\n<h4 class=\"basic-paragraph\"><span class=\"mayuscula\">UNIVERSIDAD NACIONAL DE ENTRE R\u00cdOS<\/span><\/h4>\n<\/div>\n<div class=\"story\">\n<h1 class=\"basic-paragraph\">Triunfo del campo popular en Paran\u00e1<\/h1>\n<\/div>\n<div class=\"story\">\n<p class=\"capitular-texto-gral\">Las elecciones de Centro de Estudiantes y Consejo Directivo de la Facultad de Ciencias de la Educaci\u00f3n, de la Universidad Nacional de Entre R\u00edos, se realizaron el 1 y 2 de noviembre de 2018 y el triunfo fue para la agrupaci\u00f3n REDES (Red Diversa de estudiantes) del campo nacional y popular, dentro de la cual se encuentra el PCCE.<\/p>\n<p class=\"texto-general\">Nuestra camarada Valentina Aldecoa, fue elegida vicepresidenta del Centro de Estudiantes. La lista ganadora se qued\u00f3 con m\u00e1s del 50% de los votos, tanto en Centro como Consejo Directivo.<\/p>\n<p class=\"texto-general\">REDES naci\u00f3 este a\u00f1o en la facultad donde se dictan las carreras de Comunicaci\u00f3n Social, Educaci\u00f3n y Gesti\u00f3n Cultural. En un trabajo de unidad entre estudiantes de distintas agrupaciones e independientes de diferentes carreras, con diversas experiencias y con ideas heterog\u00e9neas del campo popular, teniendo como objetivo la defensa y transformaci\u00f3n de la Universidad P\u00fablica.<\/p>\n<p class=\"texto-general\">Por su parte, en la Facultad de Trabajo Social, tanto en Centro de estudiantes como para Consejo Directivo, tambi\u00e9n result\u00f3 ganadora la lista del campo popular, en un proceso unitario.<\/p>\n<p class=\"texto-general\">El camino para enfrentar las pol\u00edticas neoliberales del gobierno nacional es la unidad, la participaci\u00f3n y organizaci\u00f3n para construir en la diversidad una universidad p\u00fablica, laica y gratuita, de cara a las nuevas exigencias de nuestra sociedad. Una Universidad del y para el pueblo.<\/p>\n<\/div>\n","protected":false},"excerpt":{"rendered":"<p>UNIVERSIDAD NACIONAL DE ENTRE R\u00cdOS Triunfo del campo popular en Paran\u00e1 Las elecciones de Centro de Estudiantes y Consejo Directivo de la Facultad de Ciencias de la Educaci\u00f3n, de la Universidad Nacional de Entre R\u00edos, se realizaron el 1 y 2 de noviembre de 2018 y el triunfo fue para la agrupaci\u00f3n REDES (Red Diversa [&hellip;]<\/p>\n","protected":false},"author":1,"featured_media":3395,"comment_status":"closed","ping_status":"closed","sticky":false,"template":"","format":"standard","meta":{"tdm_status":"","tdm_grid_status":"","footnotes":""},"categories":[37,9],"tags":[],"class_list":["post-3402","post","type-post","status-publish","format-standard","has-post-thumbnail","hentry","category-estudiantil","category-vidadepartido"],"_links":{"self":[{"href":"https:\/\/pcce.com.ar\/pcce\/wp-json\/wp\/v2\/posts\/3402","targetHints":{"allow":["GET"]}}],"collection":[{"href":"https:\/\/pcce.com.ar\/pcce\/wp-json\/wp\/v2\/posts"}],"about":[{"href":"https:\/\/pcce.com.ar\/pcce\/wp-json\/wp\/v2\/types\/post"}],"author":[{"embeddable":true,"href":"https:\/\/pcce.com.ar\/pcce\/wp-json\/wp\/v2\/users\/1"}],"replies":[{"embeddable":true,"href":"https:\/\/pcce.com.ar\/pcce\/wp-json\/wp\/v2\/comments?post=3402"}],"version-history":[{"count":0,"href":"https:\/\/pcce.com.ar\/pcce\/wp-json\/wp\/v2\/posts\/3402\/revisions"}],"wp:featuredmedia":[{"embeddable":true,"href":"https:\/\/pcce.com.ar\/pcce\/wp-json\/wp\/v2\/media\/3395"}],"wp:attachment":[{"href":"https:\/\/pcce.com.ar\/pcce\/wp-json\/wp\/v2\/media?parent=3402"}],"wp:term":[{"taxonomy":"category","embeddable":true,"href":"https:\/\/pcce.com.ar\/pcce\/wp-json\/wp\/v2\/categories?post=3402"},{"taxonomy":"post_tag","embeddable":true,"href":"https:\/\/pcce.com.ar\/pcce\/wp-json\/wp\/v2\/tags?post=3402"}],"curies":[{"name":"wp","href":"https:\/\/api.w.org\/{rel}","templated":true}]}}