{"id":3528,"date":"2019-03-05T18:12:47","date_gmt":"2019-03-05T21:12:47","guid":{"rendered":"https:\/\/pcce.com.ar\/pcce\/?p=3528"},"modified":"2019-03-13T15:20:40","modified_gmt":"2019-03-13T18:20:40","slug":"formacion-y-plan-campamento-de-secundarios","status":"publish","type":"post","link":"https:\/\/pcce.com.ar\/pcce\/2019\/03\/05\/formacion-y-plan-campamento-de-secundarios\/","title":{"rendered":"Formaci\u00f3n y plan: CAMPAMENTO DE SECUNDARIOS"},"content":{"rendered":"<p class=\"capitular-texto-gral\">En el partido de Lezama se realiz\u00f3 un campamento del frente de secundarios del PCCE del \u00e1rea metropolitana. El encuentro, que cont\u00f3 con la presencia de camaradas de San Isidro, Vicente L\u00f3pez, Gral. Rodr\u00edguez, Luj\u00e1n, Avellaneda, Lan\u00fas, Almirante Brown y CABA, tuvo como objetivo la formaci\u00f3n pol\u00edtica de los secundarios comunistas.<\/p>\n<p class=\"texto-general\">La actividad comenz\u00f3 el viernes por la noche, comiendo unos patys, viendo un fragmento del discurso de Fidel del 2003 en las escalinatas de Derecho, cuando dijo que \u201chab\u00edamos hundido al neoliberalismo en la fosa m\u00e1s profunda del pacifico\u201d, de la mano de N\u00e9stor Kirchner.<\/p>\n<p class=\"texto-general\">El d\u00eda siguiente comenz\u00f3 escuchando el discurso del Che a los j\u00f3venes comunistas y discutiendo la situaci\u00f3n pol\u00edtica internacional, nacional y nuestro aporte militante en cada escuela y barrio donde estamos. Luego, por la tarde, continuamos la formaci\u00f3n, esta vez con un texto de Lenin. Armamos varias comisiones donde le\u00edmos y estudiamos minuciosamente \u201cTres partes y tres fuentes integrantes del marxismo\u201d, con el fin de profundizar en la comprensi\u00f3n de la concepci\u00f3n marxista-leninista, como gu\u00eda para nuestra acci\u00f3n revolucionaria.<\/p>\n<p class=\"texto-general\">Tras una extensa y exitosa jornada de formaci\u00f3n, concluimos el s\u00e1bado con un fog\u00f3n, donde compartimos nuestras opiniones de lo que hab\u00eda sido la actividad del d\u00eda, y nos divertimos con algunas an\u00e9cdotas, propias de todo campamento.<\/p>\n<p class=\"texto-general\">El domingo empez\u00f3 con otra actividad de formaci\u00f3n, esta vez con un discurso del camarada Jorge Pereyra: \u201cRelatos de un campamento\u201d, del a\u00f1o 2008. Al igual que con el texto de Lenin, nos dividimos en varias comisiones y estudiamos detenidamente las palabras del fundador de nuestro Partido. Hicimos hincapi\u00e9 en la importancia de nutrirnos de lo mejor de la historia del PC (asumi\u00e9ndola, en su totalidad, como nuestra historia) en la l\u00ednea del frentismo de liberaci\u00f3n y en la necesidad estrat\u00e9gica de la construcci\u00f3n de la fuerza pol\u00edtica kirchnerista.<\/p>\n<p class=\"texto-general\">Finalmente, y tras la llegada de nuestro Secretario General, Pablo Pereyra, concluimos la actividad con una charla donde Pablo expuso lo fundamental de la batalla pol\u00edtica que se nos presenta en este momento hist\u00f3rico y del rol que tiene que jugar en ella la juventud comunista. Tras un rico intercambio de ideas, conclusiones y expresiones de entusiasmo, terminamos cantando La Internacional y nuestro cancionero militante.<\/p>\n<p class=\"texto-general\">El campamento fue un punto de encuentro de camaradas que militamos en diversos puntos del \u00e1rea metropolitana; naturalmente y sin mucho esfuerzo se construy\u00f3 un ambiente de compa\u00f1erismo y amistad, que fue el rasgo m\u00e1s destacable de la jornada.<\/p>\n","protected":false},"excerpt":{"rendered":"<p>En el partido de Lezama se realiz\u00f3 un campamento del frente de secundarios del PCCE del \u00e1rea metropolitana. El encuentro, que cont\u00f3 con la presencia de camaradas de San Isidro, Vicente L\u00f3pez, Gral. Rodr\u00edguez, Luj\u00e1n, Avellaneda, Lan\u00fas, Almirante Brown y CABA, tuvo como objetivo la formaci\u00f3n pol\u00edtica de los secundarios comunistas. La actividad comenz\u00f3 el [&hellip;]<\/p>\n","protected":false},"author":1,"featured_media":3508,"comment_status":"closed","ping_status":"closed","sticky":false,"template":"","format":"standard","meta":{"tdm_status":"","tdm_grid_status":"","footnotes":""},"categories":[9],"tags":[],"class_list":["post-3528","post","type-post","status-publish","format-standard","has-post-thumbnail","hentry","category-vidadepartido"],"_links":{"self":[{"href":"https:\/\/pcce.com.ar\/pcce\/wp-json\/wp\/v2\/posts\/3528","targetHints":{"allow":["GET"]}}],"collection":[{"href":"https:\/\/pcce.com.ar\/pcce\/wp-json\/wp\/v2\/posts"}],"about":[{"href":"https:\/\/pcce.com.ar\/pcce\/wp-json\/wp\/v2\/types\/post"}],"author":[{"embeddable":true,"href":"https:\/\/pcce.com.ar\/pcce\/wp-json\/wp\/v2\/users\/1"}],"replies":[{"embeddable":true,"href":"https:\/\/pcce.com.ar\/pcce\/wp-json\/wp\/v2\/comments?post=3528"}],"version-history":[{"count":0,"href":"https:\/\/pcce.com.ar\/pcce\/wp-json\/wp\/v2\/posts\/3528\/revisions"}],"wp:featuredmedia":[{"embeddable":true,"href":"https:\/\/pcce.com.ar\/pcce\/wp-json\/wp\/v2\/media\/3508"}],"wp:attachment":[{"href":"https:\/\/pcce.com.ar\/pcce\/wp-json\/wp\/v2\/media?parent=3528"}],"wp:term":[{"taxonomy":"category","embeddable":true,"href":"https:\/\/pcce.com.ar\/pcce\/wp-json\/wp\/v2\/categories?post=3528"},{"taxonomy":"post_tag","embeddable":true,"href":"https:\/\/pcce.com.ar\/pcce\/wp-json\/wp\/v2\/tags?post=3528"}],"curies":[{"name":"wp","href":"https:\/\/api.w.org\/{rel}","templated":true}]}}