{"id":3529,"date":"2019-03-05T18:10:13","date_gmt":"2019-03-05T21:10:13","guid":{"rendered":"https:\/\/pcce.com.ar\/pcce\/?p=3529"},"modified":"2019-03-05T18:10:13","modified_gmt":"2019-03-05T21:10:13","slug":"capital-federal-siempre-en-la-calle","status":"publish","type":"post","link":"https:\/\/pcce.com.ar\/pcce\/2019\/03\/05\/capital-federal-siempre-en-la-calle\/","title":{"rendered":"CAPITAL FEDERAL: Siempre en la calle"},"content":{"rendered":"<p class=\"capitular-texto-gral\">El 2019 se perfila como un a\u00f1o decisivo y la Capital Federal no estar\u00e1 exenta de esta realidad. Seg\u00fan lo anunciado, las elecciones porte\u00f1as ir\u00e1n pegadas a las nacionales, lo que nos pinta un inmejorable panorama para poner la disputa de modelos en el centro de la escena y dejar claro que Larreta es Macri.<\/p>\n<p class=\"texto-general\">Este escenario nos encuentra con un Partido en la calle desde los primeros d\u00edas de enero, militando la resistencia al ajuste y la construcci\u00f3n del frente necesario. En el zonal \u201ccentro-sur\u201d mantuvimos una actividad permanente en la Villa 31 al calor de los conflictos de urbanizaci\u00f3n y educativo y actividades en nuestro local, como tambi\u00e9n mesas de difusi\u00f3n contra el tarifazo en distintos puntos de las comunas 1, 3 y 4 y actividades de formaci\u00f3n pol\u00edtica.<\/p>\n<p class=\"texto-general\">De igual manera, en el zonal \u201ccentro\u201d participamos activamente del conflicto educativo bancando la lucha del Cer\u00e1mica contra el traslado dispuesto por Larreta, como tambi\u00e9n sostuvimos actividades de difusi\u00f3n en las comunas 5, 7 y 11 y actividades de formaci\u00f3n pol\u00edtica durante todo el verano.<\/p>\n<p class=\"texto-general\">Desde la comuna 12, adem\u00e1s de las actividades de difusi\u00f3n y organizaci\u00f3n de los ruidazos, contribuimos a sostener la vigilia de las Madres contra el secuestro de parte de su archivo hist\u00f3rico por la Justicia adicta al gobierno.<\/p>\n<p class=\"texto-general\">Por \u00faltimo, y como parte de nuestra pol\u00edtica de comunicaci\u00f3n, relanzamos nuestro programa Dicho Y Hecho por Radio Gr\u00e1fica (FM 89.3) todos los martes de 15 a 16 hs.<\/p>\n<p class=\"texto-general\">Seguiremos luchando y en la calle, resistiendo y fortaleciendo Unidad Ciudadana en la perspectiva de construir la herramienta electoral amplia que necesitamos para derrotar al neoliberalismo tambi\u00e9n en la Ciudad de Bs.As.<\/p>\n","protected":false},"excerpt":{"rendered":"<p>El 2019 se perfila como un a\u00f1o decisivo y la Capital Federal no estar\u00e1 exenta de esta realidad. Seg\u00fan lo anunciado, las elecciones porte\u00f1as ir\u00e1n pegadas a las nacionales, lo que nos pinta un inmejorable panorama para poner la disputa de modelos en el centro de la escena y dejar claro que Larreta es Macri. [&hellip;]<\/p>\n","protected":false},"author":1,"featured_media":3506,"comment_status":"closed","ping_status":"closed","sticky":false,"template":"","format":"standard","meta":{"tdm_status":"","tdm_grid_status":"","footnotes":""},"categories":[4,9],"tags":[],"class_list":["post-3529","post","type-post","status-publish","format-standard","has-post-thumbnail","hentry","category-featured","category-vidadepartido"],"_links":{"self":[{"href":"https:\/\/pcce.com.ar\/pcce\/wp-json\/wp\/v2\/posts\/3529","targetHints":{"allow":["GET"]}}],"collection":[{"href":"https:\/\/pcce.com.ar\/pcce\/wp-json\/wp\/v2\/posts"}],"about":[{"href":"https:\/\/pcce.com.ar\/pcce\/wp-json\/wp\/v2\/types\/post"}],"author":[{"embeddable":true,"href":"https:\/\/pcce.com.ar\/pcce\/wp-json\/wp\/v2\/users\/1"}],"replies":[{"embeddable":true,"href":"https:\/\/pcce.com.ar\/pcce\/wp-json\/wp\/v2\/comments?post=3529"}],"version-history":[{"count":0,"href":"https:\/\/pcce.com.ar\/pcce\/wp-json\/wp\/v2\/posts\/3529\/revisions"}],"wp:featuredmedia":[{"embeddable":true,"href":"https:\/\/pcce.com.ar\/pcce\/wp-json\/wp\/v2\/media\/3506"}],"wp:attachment":[{"href":"https:\/\/pcce.com.ar\/pcce\/wp-json\/wp\/v2\/media?parent=3529"}],"wp:term":[{"taxonomy":"category","embeddable":true,"href":"https:\/\/pcce.com.ar\/pcce\/wp-json\/wp\/v2\/categories?post=3529"},{"taxonomy":"post_tag","embeddable":true,"href":"https:\/\/pcce.com.ar\/pcce\/wp-json\/wp\/v2\/tags?post=3529"}],"curies":[{"name":"wp","href":"https:\/\/api.w.org\/{rel}","templated":true}]}}