{"id":3583,"date":"2019-03-17T16:39:56","date_gmt":"2019-03-17T19:39:56","guid":{"rendered":"https:\/\/pcce.com.ar\/pcce\/?p=3583"},"modified":"2019-03-17T16:39:56","modified_gmt":"2019-03-17T19:39:56","slug":"ensenada-masivo-acto-en-punta-lara","status":"publish","type":"post","link":"https:\/\/pcce.com.ar\/pcce\/2019\/03\/17\/ensenada-masivo-acto-en-punta-lara\/","title":{"rendered":"ENSENADA: Masivo acto en Punta Lara"},"content":{"rendered":"<div class=\"story\"><\/div>\n<div class=\"story\">\n<p class=\"basic-paragraph\">El 27 de febrero en la localidad de Punta Lara, Municipio de Ensenada, se llev\u00f3 a cabo el acto de inauguraci\u00f3n del Centro de Salud Juana Azurduy, cuya inversi\u00f3n fue de 11 millones de pesos. El intendente Mario Secco encabez\u00f3 la jornada junto al diputado nacional Axel Kicillof y el ex ministro de Salud de la Naci\u00f3n Daniel Goll\u00e1n. En el comienzo, Mario Secco plante\u00f3 que cuando se fue Cristina, Ensenada ten\u00eda 200 familias en situaci\u00f3n de indigencia y ahora son 8 mil. El compa\u00f1ero Axel record\u00f3 c\u00f3mo nos hab\u00edamos acostumbrado a que todos los d\u00edas, durante los 12 a\u00f1os de N\u00e9stor y Cristina, se inauguraba algo para la salud, educaci\u00f3n, ciencia y trabajo. Habl\u00f3 entonces de la mentira del ahorro y la eficiencia de la que habla Macri: \u201cle sacan 400 mil millones a los que menos tienen y pagan 750 mil millones a la usura. Que no mientan, no se trata de austeridad. La gobernadora Vidal no aparece, hay falta de insumos en los hospitales y de servicios como la luz, hasta el punto que tienen que operar o atender partos con la linterna del celular. Eso no es cuesti\u00f3n de n\u00fameros, de econom\u00eda, eso es crueldad, falta de humanidad, por eso se tiene que ir Macri y se tiene que ir Vidal\u201d. Finalmente, y ante los cantos de toda la militancia presente (astilleros, docentes, universitarios y agrupaciones pol\u00edticas, entre las que flameaban las banderas del PCCE) cerr\u00f3 afirmando que \u201clo que tiene que volver es el trabajo, la salud, la educaci\u00f3n, el pueblo organizado, la dignidad y la humanidad\u201d.<\/p>\n<\/div>\n","protected":false},"excerpt":{"rendered":"<p>El 27 de febrero en la localidad de Punta Lara, Municipio de Ensenada, se llev\u00f3 a cabo el acto de inauguraci\u00f3n del Centro de Salud Juana Azurduy, cuya inversi\u00f3n fue de 11 millones de pesos. El intendente Mario Secco encabez\u00f3 la jornada junto al diputado nacional Axel Kicillof y el ex ministro de Salud de [&hellip;]<\/p>\n","protected":false},"author":1,"featured_media":3568,"comment_status":"closed","ping_status":"closed","sticky":false,"template":"","format":"standard","meta":{"tdm_status":"","tdm_grid_status":"","footnotes":""},"categories":[4,9],"tags":[],"class_list":["post-3583","post","type-post","status-publish","format-standard","has-post-thumbnail","hentry","category-featured","category-vidadepartido"],"_links":{"self":[{"href":"https:\/\/pcce.com.ar\/pcce\/wp-json\/wp\/v2\/posts\/3583","targetHints":{"allow":["GET"]}}],"collection":[{"href":"https:\/\/pcce.com.ar\/pcce\/wp-json\/wp\/v2\/posts"}],"about":[{"href":"https:\/\/pcce.com.ar\/pcce\/wp-json\/wp\/v2\/types\/post"}],"author":[{"embeddable":true,"href":"https:\/\/pcce.com.ar\/pcce\/wp-json\/wp\/v2\/users\/1"}],"replies":[{"embeddable":true,"href":"https:\/\/pcce.com.ar\/pcce\/wp-json\/wp\/v2\/comments?post=3583"}],"version-history":[{"count":0,"href":"https:\/\/pcce.com.ar\/pcce\/wp-json\/wp\/v2\/posts\/3583\/revisions"}],"wp:featuredmedia":[{"embeddable":true,"href":"https:\/\/pcce.com.ar\/pcce\/wp-json\/wp\/v2\/media\/3568"}],"wp:attachment":[{"href":"https:\/\/pcce.com.ar\/pcce\/wp-json\/wp\/v2\/media?parent=3583"}],"wp:term":[{"taxonomy":"category","embeddable":true,"href":"https:\/\/pcce.com.ar\/pcce\/wp-json\/wp\/v2\/categories?post=3583"},{"taxonomy":"post_tag","embeddable":true,"href":"https:\/\/pcce.com.ar\/pcce\/wp-json\/wp\/v2\/tags?post=3583"}],"curies":[{"name":"wp","href":"https:\/\/api.w.org\/{rel}","templated":true}]}}