{"id":3627,"date":"2019-03-29T18:58:24","date_gmt":"2019-03-29T21:58:24","guid":{"rendered":"https:\/\/pcce.com.ar\/pcce\/?p=3627"},"modified":"2019-03-29T19:00:26","modified_gmt":"2019-03-29T22:00:26","slug":"lanus-siempre-fueron-30-mil","status":"publish","type":"post","link":"https:\/\/pcce.com.ar\/pcce\/2019\/03\/29\/lanus-siempre-fueron-30-mil\/","title":{"rendered":"LAN\u00daS: Siempre fueron 30 mil"},"content":{"rendered":"<div class=\"story\">El pasado 23 de marzo bajo la consigna El gobierno negacionista mata &#8211; siempre fueron 30 mil, los organismos de DDHH junto con organizaciones pol\u00edticas y sociales del distrito de Lan\u00fas, conmemoramos el D\u00eda de la Memoria, la Verdad y la Justicia en homenaje a los 30.000 desaparecidos y asesinados durante la \u00faltima dictadura c\u00edvico militar. Esta movilizaci\u00f3n tiene lugar en el distrito desde el a\u00f1o 1996 y parte de la Estaci\u00f3n de Lan\u00fas Este para marchar hasta el Parque de la Memoria, ubicado en el Vel\u00f3dromo municipal, donde se realiza el acto central. Su objetivo, en este contexto, adem\u00e1s de recordar las p\u00e1ginas m\u00e1s sangrientas de nuestra historia y cuyas consecuencias a\u00fan nos afectan, fue repudiar las pol\u00edticas de ajuste a nivel nacional, provincial y local de Cambiemos, que hambrean a nuestro pueblo. En Lan\u00fas, decimos presentes ahora y siempre, militando y asumiendo nuestro rol, construyendo todos los d\u00edas en el territorio y en el movimiento estudiantil, el Partido necesario para recuperar el gobierno nacional y transitar el camino argentino de la liberaci\u00f3n.<\/div>\n","protected":false},"excerpt":{"rendered":"<p>El pasado 23 de marzo bajo la consigna El gobierno negacionista mata &#8211; siempre fueron 30 mil, los organismos de DDHH junto con organizaciones pol\u00edticas y sociales del distrito de Lan\u00fas, conmemoramos el D\u00eda de la Memoria, la Verdad y la Justicia en homenaje a los 30.000 desaparecidos y asesinados durante la \u00faltima dictadura c\u00edvico [&hellip;]<\/p>\n","protected":false},"author":1,"featured_media":3602,"comment_status":"closed","ping_status":"closed","sticky":false,"template":"","format":"standard","meta":{"tdm_status":"","tdm_grid_status":"","footnotes":""},"categories":[9],"tags":[],"class_list":["post-3627","post","type-post","status-publish","format-standard","has-post-thumbnail","hentry","category-vidadepartido"],"_links":{"self":[{"href":"https:\/\/pcce.com.ar\/pcce\/wp-json\/wp\/v2\/posts\/3627","targetHints":{"allow":["GET"]}}],"collection":[{"href":"https:\/\/pcce.com.ar\/pcce\/wp-json\/wp\/v2\/posts"}],"about":[{"href":"https:\/\/pcce.com.ar\/pcce\/wp-json\/wp\/v2\/types\/post"}],"author":[{"embeddable":true,"href":"https:\/\/pcce.com.ar\/pcce\/wp-json\/wp\/v2\/users\/1"}],"replies":[{"embeddable":true,"href":"https:\/\/pcce.com.ar\/pcce\/wp-json\/wp\/v2\/comments?post=3627"}],"version-history":[{"count":0,"href":"https:\/\/pcce.com.ar\/pcce\/wp-json\/wp\/v2\/posts\/3627\/revisions"}],"wp:featuredmedia":[{"embeddable":true,"href":"https:\/\/pcce.com.ar\/pcce\/wp-json\/wp\/v2\/media\/3602"}],"wp:attachment":[{"href":"https:\/\/pcce.com.ar\/pcce\/wp-json\/wp\/v2\/media?parent=3627"}],"wp:term":[{"taxonomy":"category","embeddable":true,"href":"https:\/\/pcce.com.ar\/pcce\/wp-json\/wp\/v2\/categories?post=3627"},{"taxonomy":"post_tag","embeddable":true,"href":"https:\/\/pcce.com.ar\/pcce\/wp-json\/wp\/v2\/tags?post=3627"}],"curies":[{"name":"wp","href":"https:\/\/api.w.org\/{rel}","templated":true}]}}