{"id":3660,"date":"2019-04-10T01:02:23","date_gmt":"2019-04-10T04:02:23","guid":{"rendered":"https:\/\/pcce.com.ar\/pcce\/?p=3660"},"modified":"2019-04-10T01:02:23","modified_gmt":"2019-04-10T04:02:23","slug":"un-ano-de-la-ignominia-libertad-a-lula","status":"publish","type":"post","link":"https:\/\/pcce.com.ar\/pcce\/2019\/04\/10\/un-ano-de-la-ignominia-libertad-a-lula\/","title":{"rendered":"Un a\u00f1o de la ignominia: \u00a1LIBERTAD A LULA!"},"content":{"rendered":"<div class=\"story\"><\/div>\n<div class=\"story\">\n<p class=\"basic-paragraph\">Por Rodolfo G. M\u00f3dena<\/p>\n<\/div>\n<div class=\"story\">\n<p class=\"capitular-texto-gral\">Este 7 de abril se cumpli\u00f3 un a\u00f1o de la m\u00e1s que injusta detenci\u00f3n del dos veces Presidente de Brasil, el compa\u00f1ero Luiz In\u00e1cio Lula Da Silva.<\/p>\n<p class=\"basic-paragraph\">L\u00edder sindical de los metal\u00fargicos de San Pablo, fundador y l\u00edder de la Central \u00danica de Trabajadores (CUT) y del Partido de los Trabajadores (PT), Lula no solo lleg\u00f3 a ser el primer Presidente obrero de Brasil, sino que sigue siendo el dirigente pol\u00edtico con mayor popularidad en la historia de la hermana naci\u00f3n.<\/p>\n<p class=\"basic-paragraph\">Desde la resistencia obrera al neoliberalismo de los a\u00f1os ochenta y noventa del siglo XX, Lula accedi\u00f3 a la Presidencia luego de ganar con el 61% de los votos en la segunda vuelta electoral del 27 de octubre de 2002. Asumi\u00f3 el 1\u00ba de enero de 2003. Fue reelecto con el 60,82 % en el ballotage del 29 de octubre de 2006, gobern\u00f3 hasta el 1\u00ba de enero de 2011 y dej\u00f3 la Presidencia con un 80% de popularidad.<\/p>\n<p class=\"basic-paragraph\">Durante sus gobiernos, el Proyecto Nacional de Desarrollo impulsado por Lula sac\u00f3 a 30 millones de brasile\u00f1os de la pobreza, creci\u00f3 el consumo, la producci\u00f3n y el empleo, hubo un avance extraordinario en las \u00e1reas de salud, educaci\u00f3n y previsi\u00f3n social, se triplic\u00f3 el Producto Bruto Interno y se ubic\u00f3 a Brasil como una de las cinco potencias emergentes integrantes del BRICS (Brasil, Rusia, India, China y Sud\u00e1frica).<\/p>\n<p class=\"basic-paragraph\">En pol\u00edtica exterior, junto a la Argentina de N\u00e9stor y Cristina Kirchner, y la Venezuela bolivariana de Hugo Ch\u00e1vez, lider\u00f3 el NO al ALCA del 5 de noviembre del 2005, infligiendo una dura derrota al imperialismo norteamericano y un bochornoso momento para el presidente de los Estados Unidos, George W. Bush, en la IV Cumbre de las Am\u00e9ricas celebrada en Mar del Plata. Juntos hicieron crecer al MERCOSUR, fundaron la UNASUR y la CELAC, priorizando el eje de la integraci\u00f3n regional latinoamericana y caribe\u00f1a.<\/p>\n<p class=\"basic-paragraph\">Lo sucedi\u00f3 en la Presidencia la compa\u00f1era Dilma Rousseff en 2011 y fue reelecta, iniciando su segundo mandato el 1\u00ba de enero de 2015, dando continuidad, en lo fundamental, aunque con cierta desaceleraci\u00f3n producto de la ca\u00edda de los precios internacionales de los commodities, al Proyecto Nacional de Desarrollo. Hasta que se puso en marcha la ejecuci\u00f3n del esquema de los \u201cgolpes blandos\u201d del imperialismo para derrocarla. Al hostigamiento medi\u00e1tico y judicial le sigui\u00f3 el Golpe Parlamentario (como los dados a Manuel Zelaya en Honduras por orden de la Corte Suprema y ratificaci\u00f3n parlamentaria en 2009 y a Fernando Lugo en Paraguay mediante juicio pol\u00edtico parlamentario en 2012).<\/p>\n<p class=\"basic-paragraph\">Dilma ser\u00eda suspendida el 13 de mayo de 2016 y destituida el 31 de agosto del mismo a\u00f1o, asumiendo la Presidencia el verdaderamente corrupto, traidor y entreguista vicepresidente Michel Temer, quien comenz\u00f3 a desandar el camino iniciado por Lula y a seguir las recetas neoliberales dictadas por el imperialismo y el FMI.<\/p>\n<p class=\"basic-paragraph\">Pero el golpe deb\u00eda continuar. Lula se encaminaba a la victoria en las presidenciales del 7 de octubre de 2018 y en la segunda vuelta del 28 del mismo mes y a\u00f1o. Entonces, la ofensiva medi\u00e1tica y judicial para impedir su regreso a la Presidencia, culmin\u00f3 con un proceso tan vergonzoso y pat\u00e9tico como el de la destituci\u00f3n de Dilma. Lula fue condenado a prisi\u00f3n, sin la m\u00e1s m\u00ednima prueba de lo que se lo acus\u00f3, por el nefasto juez Sergio Moro, una especie de Bonad\u00edo brasile\u00f1o.<\/p>\n<p class=\"basic-paragraph\">Con Lula proscripto, la f\u00f3rmula presidencial tuvo que ser encabezada por Fernando Haddad del PT, acompa\u00f1ado por la joven Manuela D\u2019\u00c1vila del Partido Comunista del Brasil (PCdoB) como candidata a vicepresidenta.<\/p>\n<p class=\"basic-paragraph\">Con todo el aparato multimedi\u00e1tico a su favor, el ex militar neoliberal-fascista Jair Bolsonaro se impuso sobre el compa\u00f1ero Haddad en segunda vuelta. Hoy gobierna Brasil un ultraderechista, homof\u00f3bico, reivindicador de la dictadura surgida del Golpe de Estado de 1964 y de la tortura como instrumento leg\u00edtimo, confeso y rabioso anticomunista; un fascista hecho y derecho. A su vez, lleva adelante las pol\u00edticas de ajuste neoliberal y se pone en l\u00ednea con los Estados Unidos en su cruzada contrarrevolucionaria contra la hermana y heroica Rep\u00fablica Bolivariana de Venezuela. Bolsonaro expresa, cabalmente, lo que calificamos como neoliberal-fascismo: categor\u00eda que combina liberalismo econ\u00f3mico y fascismo pol\u00edtico.<\/p>\n<p class=\"basic-paragraph\">Y el verdugo de Lula, el ignominioso ex juez Sergio Moro, cobr\u00f3 sus servicios siendo nombrado Ministro de Justicia de Brasil.<\/p>\n<p class=\"basic-paragraph\">Hace un a\u00f1o, Luiz In\u00e1cio Lula Da Silva, dec\u00eda ante decenas de miles de manifestantes: \u201cSi es por ese crimen, el de llevar a los pobres a la universidad, a los negros; que los pobres puedan comprarse un auto, ir en avi\u00f3n&#8230; Si \u00e9se es el crimen que comet\u00ed, voy a continuar siendo un criminal en este pa\u00eds, porque voy a hacer mucho m\u00e1s\u201d.<\/p>\n<p class=\"basic-paragraph\">Un clamor sigue recorriendo el mundo: \u00a1Libertad a Lula! \u00a1Lula libre!<\/p>\n<\/div>\n","protected":false},"excerpt":{"rendered":"<p>Por Rodolfo G. M\u00f3dena Este 7 de abril se cumpli\u00f3 un a\u00f1o de la m\u00e1s que injusta detenci\u00f3n del dos veces Presidente de Brasil, el compa\u00f1ero Luiz In\u00e1cio Lula Da Silva. L\u00edder sindical de los metal\u00fargicos de San Pablo, fundador y l\u00edder de la Central \u00danica de Trabajadores (CUT) y del Partido de los Trabajadores [&hellip;]<\/p>\n","protected":false},"author":1,"featured_media":3667,"comment_status":"closed","ping_status":"closed","sticky":false,"template":"","format":"standard","meta":{"tdm_status":"","tdm_grid_status":"","footnotes":""},"categories":[17,4],"tags":[],"class_list":["post-3660","post","type-post","status-publish","format-standard","has-post-thumbnail","hentry","category-contratapa","category-featured"],"_links":{"self":[{"href":"https:\/\/pcce.com.ar\/pcce\/wp-json\/wp\/v2\/posts\/3660","targetHints":{"allow":["GET"]}}],"collection":[{"href":"https:\/\/pcce.com.ar\/pcce\/wp-json\/wp\/v2\/posts"}],"about":[{"href":"https:\/\/pcce.com.ar\/pcce\/wp-json\/wp\/v2\/types\/post"}],"author":[{"embeddable":true,"href":"https:\/\/pcce.com.ar\/pcce\/wp-json\/wp\/v2\/users\/1"}],"replies":[{"embeddable":true,"href":"https:\/\/pcce.com.ar\/pcce\/wp-json\/wp\/v2\/comments?post=3660"}],"version-history":[{"count":0,"href":"https:\/\/pcce.com.ar\/pcce\/wp-json\/wp\/v2\/posts\/3660\/revisions"}],"wp:featuredmedia":[{"embeddable":true,"href":"https:\/\/pcce.com.ar\/pcce\/wp-json\/wp\/v2\/media\/3667"}],"wp:attachment":[{"href":"https:\/\/pcce.com.ar\/pcce\/wp-json\/wp\/v2\/media?parent=3660"}],"wp:term":[{"taxonomy":"category","embeddable":true,"href":"https:\/\/pcce.com.ar\/pcce\/wp-json\/wp\/v2\/categories?post=3660"},{"taxonomy":"post_tag","embeddable":true,"href":"https:\/\/pcce.com.ar\/pcce\/wp-json\/wp\/v2\/tags?post=3660"}],"curies":[{"name":"wp","href":"https:\/\/api.w.org\/{rel}","templated":true}]}}