{"id":3669,"date":"2019-04-10T01:03:31","date_gmt":"2019-04-10T04:03:31","guid":{"rendered":"https:\/\/pcce.com.ar\/pcce\/?p=3669"},"modified":"2019-04-10T01:03:31","modified_gmt":"2019-04-10T04:03:31","slug":"palestina-continua-la-matanza-sionista","status":"publish","type":"post","link":"https:\/\/pcce.com.ar\/pcce\/2019\/04\/10\/palestina-continua-la-matanza-sionista\/","title":{"rendered":"PALESTINA: Contin\u00faa la matanza sionista"},"content":{"rendered":"<div class=\"story\"><\/div>\n<div class=\"story\">\n<p class=\"basic-paragraph\">El 25 de marzo pasado, el Estado fascista de Israel bombarde\u00f3 nuevamente unos 100 objetivos en la Franja de Gaza causando estragos entre la poblaci\u00f3n civil palestina y su ya castigada infraestructura urbana. La excusa fue el supuesto lanzamiento de un \u201cmisil\u201d casero fabricado por Hamas que habr\u00eda impactado en una vivienda de Tel Aviv, la capital sionista, en donde no se registr\u00f3 ning\u00fan fallecido. Por el contrario, la cantidad de muertos y heridos palestinos es todav\u00eda incalculable.<\/p>\n<\/div>\n<div class=\"story\">\n<p class=\"texto-general\">Este ataque terrorista de Israel se enmarca en la visita de su Primer Ministro, Benjam\u00edn Netanyahu, a los Estados Unidos. En parte para reforzar su alianza de cara a las elecciones legislativas israel\u00edes del 9 de abril pero, sobre todo, para profundizar una ofensiva regional por parte del imperialismo, que se encuentra empantanado tanto en Oriente Medio como en el norte de \u00c1frica. Luego del fracaso rotundo de la \u201cPrimavera \u00c1rabe\u201d aplicada por la CIA, las fuerzas populares en la regi\u00f3n comenzaron a fortalecerse y disputar posiciones. Ejemplo de esto es el constante desarrollo econ\u00f3mico de la Rep\u00fablica Isl\u00e1mica de Ir\u00e1n; la consolidaci\u00f3n del gobierno antiimperialista de Bashar Al Assad en Siria; la creciente resistencia popular del pueblo yemen\u00ed contra la agresi\u00f3n saud\u00ed; la cada vez m\u00e1s estrecha alianza entre Irak e Ir\u00e1n; la debacle de la facci\u00f3n pro yanqui en Libia; y el acercamiento econ\u00f3mico de la Rep\u00fablica Popular China a la regi\u00f3n a trav\u00e9s de la Nueva Ruta de la Seda. Para detener estos avances populares, el imperialismo aplica lo que ya todos conocemos: la agresi\u00f3n y el terrorismo.<\/p>\n<p class=\"texto-general\">A estos ataques contra Palestina se suma el reconocimiento norteamericano de los Altos del Gol\u00e1n ocupados (pertenecientes a Siria) como \u201cterritorio israel\u00ed\u201d y la calificaci\u00f3n de \u201cgrupo terrorista\u201d contra la Guardia Revolucionaria de Ir\u00e1n, la secci\u00f3n del ej\u00e9rcito m\u00e1s prestigiosa del pa\u00eds persa. Recordemos que los principales aliados de la causa palestina en la regi\u00f3n son Siria e Ir\u00e1n. Estas decisiones de Estados Unidos fueron condenadas por la ONU y decenas de pa\u00edses de forma inmediata. El imperialismo no solo agrede a los pueblos del mundo, tambi\u00e9n pisotea el mismo derecho internacional al que dice defender cuando le conviene.<\/p>\n<\/div>\n","protected":false},"excerpt":{"rendered":"<p>El 25 de marzo pasado, el Estado fascista de Israel bombarde\u00f3 nuevamente unos 100 objetivos en la Franja de Gaza causando estragos entre la poblaci\u00f3n civil palestina y su ya castigada infraestructura urbana. La excusa fue el supuesto lanzamiento de un \u201cmisil\u201d casero fabricado por Hamas que habr\u00eda impactado en una vivienda de Tel Aviv, [&hellip;]<\/p>\n","protected":false},"author":1,"featured_media":3655,"comment_status":"closed","ping_status":"closed","sticky":false,"template":"","format":"standard","meta":{"tdm_status":"","tdm_grid_status":"","footnotes":""},"categories":[14],"tags":[],"class_list":["post-3669","post","type-post","status-publish","format-standard","has-post-thumbnail","hentry","category-americalatinayelmundo"],"_links":{"self":[{"href":"https:\/\/pcce.com.ar\/pcce\/wp-json\/wp\/v2\/posts\/3669","targetHints":{"allow":["GET"]}}],"collection":[{"href":"https:\/\/pcce.com.ar\/pcce\/wp-json\/wp\/v2\/posts"}],"about":[{"href":"https:\/\/pcce.com.ar\/pcce\/wp-json\/wp\/v2\/types\/post"}],"author":[{"embeddable":true,"href":"https:\/\/pcce.com.ar\/pcce\/wp-json\/wp\/v2\/users\/1"}],"replies":[{"embeddable":true,"href":"https:\/\/pcce.com.ar\/pcce\/wp-json\/wp\/v2\/comments?post=3669"}],"version-history":[{"count":0,"href":"https:\/\/pcce.com.ar\/pcce\/wp-json\/wp\/v2\/posts\/3669\/revisions"}],"wp:featuredmedia":[{"embeddable":true,"href":"https:\/\/pcce.com.ar\/pcce\/wp-json\/wp\/v2\/media\/3655"}],"wp:attachment":[{"href":"https:\/\/pcce.com.ar\/pcce\/wp-json\/wp\/v2\/media?parent=3669"}],"wp:term":[{"taxonomy":"category","embeddable":true,"href":"https:\/\/pcce.com.ar\/pcce\/wp-json\/wp\/v2\/categories?post=3669"},{"taxonomy":"post_tag","embeddable":true,"href":"https:\/\/pcce.com.ar\/pcce\/wp-json\/wp\/v2\/tags?post=3669"}],"curies":[{"name":"wp","href":"https:\/\/api.w.org\/{rel}","templated":true}]}}