{"id":3678,"date":"2019-04-10T01:15:54","date_gmt":"2019-04-10T04:15:54","guid":{"rendered":"https:\/\/pcce.com.ar\/pcce\/?p=3678"},"modified":"2019-04-10T01:15:54","modified_gmt":"2019-04-10T04:15:54","slug":"secus-por-malvinas-en-la-calle-para-reconstruir-la-patria","status":"publish","type":"post","link":"https:\/\/pcce.com.ar\/pcce\/2019\/04\/10\/secus-por-malvinas-en-la-calle-para-reconstruir-la-patria\/","title":{"rendered":"SECUS POR MALVINAS: En la calle para reconstruir la Patria"},"content":{"rendered":"<div class=\"story\"><\/div>\n<div class=\"story\">\n<p class=\"titulo-2\">A 37 a\u00f1os del comienzo de la Guerra de Malvinas y a 6 a\u00f1os del discurso de Cristina en el cual dijera por primera vez La Patria es el otro, los secundarios de Unidad Ciudadana realizamos actividades en todo el pa\u00eds bajo la consigna \u201csolidaridad, soberan\u00eda y libertad para reconstruir la Patria\u201d, En ese marco, los Secus del PCCE salimos a pintar murales. En San Isidro, realizamos un mural en el club \u201cLos Andes\u201d y en Gral. Rodr\u00edguez un mural en el barrio \u201cLa Posta\u201d. Entendemos, junto a Cristina, que la reivindicaci\u00f3n por soberan\u00eda no puede estar nunca desligada del proyecto de pa\u00eds que aspiramos.<\/p>\n<\/div>\n","protected":false},"excerpt":{"rendered":"<p>A 37 a\u00f1os del comienzo de la Guerra de Malvinas y a 6 a\u00f1os del discurso de Cristina en el cual dijera por primera vez La Patria es el otro, los secundarios de Unidad Ciudadana realizamos actividades en todo el pa\u00eds bajo la consigna \u201csolidaridad, soberan\u00eda y libertad para reconstruir la Patria\u201d, En ese marco, [&hellip;]<\/p>\n","protected":false},"author":1,"featured_media":3659,"comment_status":"closed","ping_status":"closed","sticky":false,"template":"","format":"standard","meta":{"tdm_status":"","tdm_grid_status":"","footnotes":""},"categories":[37,9],"tags":[],"class_list":["post-3678","post","type-post","status-publish","format-standard","has-post-thumbnail","hentry","category-estudiantil","category-vidadepartido"],"_links":{"self":[{"href":"https:\/\/pcce.com.ar\/pcce\/wp-json\/wp\/v2\/posts\/3678","targetHints":{"allow":["GET"]}}],"collection":[{"href":"https:\/\/pcce.com.ar\/pcce\/wp-json\/wp\/v2\/posts"}],"about":[{"href":"https:\/\/pcce.com.ar\/pcce\/wp-json\/wp\/v2\/types\/post"}],"author":[{"embeddable":true,"href":"https:\/\/pcce.com.ar\/pcce\/wp-json\/wp\/v2\/users\/1"}],"replies":[{"embeddable":true,"href":"https:\/\/pcce.com.ar\/pcce\/wp-json\/wp\/v2\/comments?post=3678"}],"version-history":[{"count":0,"href":"https:\/\/pcce.com.ar\/pcce\/wp-json\/wp\/v2\/posts\/3678\/revisions"}],"wp:featuredmedia":[{"embeddable":true,"href":"https:\/\/pcce.com.ar\/pcce\/wp-json\/wp\/v2\/media\/3659"}],"wp:attachment":[{"href":"https:\/\/pcce.com.ar\/pcce\/wp-json\/wp\/v2\/media?parent=3678"}],"wp:term":[{"taxonomy":"category","embeddable":true,"href":"https:\/\/pcce.com.ar\/pcce\/wp-json\/wp\/v2\/categories?post=3678"},{"taxonomy":"post_tag","embeddable":true,"href":"https:\/\/pcce.com.ar\/pcce\/wp-json\/wp\/v2\/tags?post=3678"}],"curies":[{"name":"wp","href":"https:\/\/api.w.org\/{rel}","templated":true}]}}