{"id":3801,"date":"2019-05-20T19:19:40","date_gmt":"2019-05-20T22:19:40","guid":{"rendered":"https:\/\/pcce.com.ar\/pcce\/?p=3801"},"modified":"2019-05-20T19:19:40","modified_gmt":"2019-05-20T22:19:40","slug":"editorial-por-el-pueblo-y-la-reconstruccion-de-la-nacion-cristina-es-un-clamor","status":"publish","type":"post","link":"https:\/\/pcce.com.ar\/pcce\/2019\/05\/20\/editorial-por-el-pueblo-y-la-reconstruccion-de-la-nacion-cristina-es-un-clamor\/","title":{"rendered":"EDITORIAL: POR EL PUEBLO Y LA RECONSTRUCCI\u00d3N DE LA NACI\u00d3N &#8211; Cristina es un clamor"},"content":{"rendered":"<div class=\"story\"><\/div>\n<div class=\"story\">\n<p class=\"titulo-2\">La manifiesta agresividad de la pol\u00edtica del imperialismo se explica por la creciente dificultad de los Estados Unidos para imponer sus posiciones en el concierto de las naciones. No es un proceso nuevo, no obstante se expresa cada d\u00eda con mayor crudeza. El grado de aislamiento de los yanquis es ostensible, lo que los vuelve m\u00e1s peligrosos. Con numerosos frentes abiertos, en todos los escenarios chocan con una f\u00e9rrea resistencia. Rompen las conversaciones con la Rep\u00fablica Popular China, imponen sanciones econ\u00f3micas por 200 mil millones de d\u00f3lares: China responde con mayores aranceles al agro norteamericano, principal base social de Donald Trump. Arremeten contra la Rep\u00fablica Isl\u00e1mica de Ir\u00e1n, contra su producci\u00f3n petrolera, la amenazan militarmente: Ir\u00e1n informa sobre cambios en el acuerdo nuclear conocido como 5+1, cambios que derivan en un incremento de su capacidad defensiva. Venezuela bolivariana es otro de sus principales campos de batalla, donde confrontan adem\u00e1s con la Federaci\u00f3n Rusa. Lo cierto es que no logran doblegar a Nicol\u00e1s Maduro y al pueblo chavista, incluidas sus fuerzas armadas. En un s\u00edmil de los \u201990, buscan nuevamente rendir por hambre a Cuba Socialista, apelando a la criminal ley Helms-Burton. Pero si no pudieron antes, con el mundo a sus pies, menos van a poder ahora.<\/p>\n<\/div>\n<div class=\"story\">\n<p class=\"texto-general\">Creemos necesario observar el contexto global para comprender por qu\u00e9 los yanquis se juegan en nuestro pa\u00eds una bala de plata. Una derrota del neoliberalismo en octubre abrir\u00eda la posibilidad de un cambio en la correlaci\u00f3n de fuerzas en Am\u00e9rica Latina, debilitando a\u00fan m\u00e1s sus pretensiones hegem\u00f3nicas. El FMI ha resuelto financiar la campa\u00f1a electoral de Macri (si es que se concreta su candidatura) en el marco de una cr\u00edtica coyuntura econ\u00f3mica y social. Contener al d\u00f3lar es un desaf\u00edo cuando los sectores especulativos se deshacen de los bonos argentinos y dolarizan sus activos. Esta colosal fuga de divisas sostenida con emisi\u00f3n de deuda (con un promedio de 2000 millones de d\u00f3lares mensuales) es parte de la verdadera pesada herencia que nos lega el neoliberalismo.<\/p>\n<p class=\"texto-general\">Ni que hablar del tembladeral social que deja este gobierno. Un cementerio industrial, miles de pymes en bancarrota, millones de pobres y desocupados. La inflaci\u00f3n de abril oscilar\u00e1 el 4%, profundizando la ca\u00edda sin fondo del poder adquisitivo de los salarios. Esta tragedia explica el enorme descontento de una abrumadora mayor\u00eda que expresa su repudio en miles de luchas que se desarrollan cotidianamente, soslayadas arteramente por los medios masivos. Una de ellas fue la impulsada por una parte del movimiento obrero el pasado 30 de abril donde, a pesar de la obscena complicidad del sindicalismo patronal, se logr\u00f3 paralizar una parte significativa de la actividad.<\/p>\n<p class=\"texto-general\">Otra de las manifestaciones del rechazo generalizado se expresa en los resultados electorales. Ocho derrotas consecutivas para el gobierno. La \u00faltima fue en la provincia de C\u00f3rdoba (meca de Cambiemos) donde perdieron adem\u00e1s la ciudad capital, gobernada por la UCR desde el retorno a la democracia. Acto seguido comenz\u00f3 un descarnado pase de facturas entre los miembros de la alianza gobernante. Habr\u00e1 que observar si la sangre llega al r\u00edo, considerando que el pr\u00f3ximo 27 el radicalismo realizar\u00e1 su convenci\u00f3n nacional, con muchos sectores internos que le tienen p\u00e1nico a un nuevo 2001.<\/p>\n<p class=\"texto-general\">El pasado 9 de mayo se produjo un terremoto pol\u00edtico. Cristina present\u00f3 ante decenas de miles de personas el libro Sinceramente, que se transform\u00f3 adem\u00e1s en un verdadero suceso editorial. El d\u00eda comenz\u00f3 con un confuso episodio en las cercan\u00edas del Congreso, que el gobierno busc\u00f3 presentar r\u00e1pidamente como un \u201catentado a la democracia\u201d, \u201cun nuevo Nisman\u201d, \u201cun ataque de las mafias de la pol\u00edtica\u201d. M\u00e1s all\u00e1 del rid\u00edculo montaje (habida cuenta de que se trat\u00f3 de un crimen sin connotaciones relevantes) lo cierto es que van a intentar enrarecer el clima pol\u00edtico para enrarecer el clima electoral. Cualquier bondi les va a venir bien si les permite evadir la discusi\u00f3n econ\u00f3mica. Ser\u00eda est\u00fapido subestimar las habilidades de los yanquis en este terreno.<\/p>\n<p class=\"texto-general\">El seguimiento televisivo de las palabras de CFK tuvo una medici\u00f3n (entre se\u00f1ales de aire y cable) de 36 puntos rating. No deja de sorprender el impacto pol\u00edtico y emocional que genera su figura. Bajo una lluvia torrencial, miles se agolparon en las afueras de la Feria del Libro. Cristina llam\u00f3 a construir un contrato social, \u00fanica salida al desastre que atravesamos. Y convoc\u00f3 a una gran coalici\u00f3n electoral para vencer en octubre al candidato (o candidata) del neoliberalismo. Los que buscaban aislarla en torno al n\u00facleo m\u00e1s duro, se quedaron con las ganas, rabiosamente con las ganas. Los planetas siguen orbitando alrededor de su estrella mayor. No hay discusi\u00f3n respecto a esto, menos a\u00fan en el seno del peronismo. No hay avenida del medio ni alternativa por fuera de la \u201cgrieta\u201d, que no es otra cosa que Patria o Colonia. La lucha es entre dos proyectos y Cristina encarna las esperanzas e interpreta el sentir de las grandes mayor\u00edas. Para enfrentar lo que se viene ser\u00e1 imprescindible su liderazgo, pero m\u00e1s todav\u00eda el compromiso y organizaci\u00f3n de las masas.<\/p>\n<\/div>\n","protected":false},"excerpt":{"rendered":"<p>La manifiesta agresividad de la pol\u00edtica del imperialismo se explica por la creciente dificultad de los Estados Unidos para imponer sus posiciones en el concierto de las naciones. No es un proceso nuevo, no obstante se expresa cada d\u00eda con mayor crudeza. El grado de aislamiento de los yanquis es ostensible, lo que los vuelve [&hellip;]<\/p>\n","protected":false},"author":1,"featured_media":3768,"comment_status":"closed","ping_status":"closed","sticky":false,"template":"","format":"standard","meta":{"tdm_status":"","tdm_grid_status":"","footnotes":""},"categories":[21,4],"tags":[],"class_list":["post-3801","post","type-post","status-publish","format-standard","has-post-thumbnail","hentry","category-editorial","category-featured"],"_links":{"self":[{"href":"https:\/\/pcce.com.ar\/pcce\/wp-json\/wp\/v2\/posts\/3801","targetHints":{"allow":["GET"]}}],"collection":[{"href":"https:\/\/pcce.com.ar\/pcce\/wp-json\/wp\/v2\/posts"}],"about":[{"href":"https:\/\/pcce.com.ar\/pcce\/wp-json\/wp\/v2\/types\/post"}],"author":[{"embeddable":true,"href":"https:\/\/pcce.com.ar\/pcce\/wp-json\/wp\/v2\/users\/1"}],"replies":[{"embeddable":true,"href":"https:\/\/pcce.com.ar\/pcce\/wp-json\/wp\/v2\/comments?post=3801"}],"version-history":[{"count":0,"href":"https:\/\/pcce.com.ar\/pcce\/wp-json\/wp\/v2\/posts\/3801\/revisions"}],"wp:featuredmedia":[{"embeddable":true,"href":"https:\/\/pcce.com.ar\/pcce\/wp-json\/wp\/v2\/media\/3768"}],"wp:attachment":[{"href":"https:\/\/pcce.com.ar\/pcce\/wp-json\/wp\/v2\/media?parent=3801"}],"wp:term":[{"taxonomy":"category","embeddable":true,"href":"https:\/\/pcce.com.ar\/pcce\/wp-json\/wp\/v2\/categories?post=3801"},{"taxonomy":"post_tag","embeddable":true,"href":"https:\/\/pcce.com.ar\/pcce\/wp-json\/wp\/v2\/tags?post=3801"}],"curies":[{"name":"wp","href":"https:\/\/api.w.org\/{rel}","templated":true}]}}