{"id":3876,"date":"2019-06-13T22:03:12","date_gmt":"2019-06-14T01:03:12","guid":{"rendered":"https:\/\/pcce.com.ar\/pcce\/?p=3876"},"modified":"2019-06-13T22:03:12","modified_gmt":"2019-06-14T01:03:12","slug":"caba-militando-en-las-comunas","status":"publish","type":"post","link":"https:\/\/pcce.com.ar\/pcce\/2019\/06\/13\/caba-militando-en-las-comunas\/","title":{"rendered":"CABA: Militando en las comunas"},"content":{"rendered":"<div class=\"story\"><\/div>\n<div class=\"story\">\n<p class=\"basic-paragraph\">En las \u00faltimas semanas la actividad pol\u00edtica se vio aumentada a partir del lanzamiento de la f\u00f3rmula Fern\u00e1ndez-Fern\u00e1ndez. En concordancia con esto, participamos y organizamos diferentes actividades en varias comunas de la Ciudad de Buenos Aires.<\/p>\n<\/div>\n<div class=\"story\">\n<p class=\"texto-general\">Mariano Recalde estuvo presente en una charla con comerciantes del barrio de Constituci\u00f3n, en la Comuna 1, en donde se le coment\u00f3 de las dificultades del d\u00eda a d\u00eda debido a la situaci\u00f3n econ\u00f3mica nacional y local. Nuestro Partido estuvo presente y milit\u00f3 dicha actividad.<\/p>\n<p class=\"texto-general\">Camaradas de la comuna 12 llevaron a cabo la Feria Mil Flores, un espacio con 6 a\u00f1os de existencia y organizada desde el Partido junto a la comunidad de varios barrios de la Ciudad. En esta edici\u00f3n, aparte de la feria en s\u00ed, se realiz\u00f3 una radio abierta, donde se habl\u00f3 del nuevo c\u00f3digo urban\u00edstico, la lucha contra el desfinanciamiento en salud y por el derecho al aborto legal.<\/p>\n<p class=\"texto-general\">Finalmente, camaradas de la comuna 5 realizaron un festival de rap con m\u00e1s de 10 artistas, pr\u00e1cticamente inaugurando una plaza que el gobierno de Larreta tuvo que ceder a la gente luego de a\u00f1os de lucha. Orgullosamente, dimos un espacio a quienes quieren hacer escuchar su voz, en su mayor\u00eda mujeres. La actividad termin\u00f3 con la promesa de una segunda edici\u00f3n y el agradecimiento de artistas y p\u00fablico por igual.<\/p>\n<\/div>\n","protected":false},"excerpt":{"rendered":"<p>En las \u00faltimas semanas la actividad pol\u00edtica se vio aumentada a partir del lanzamiento de la f\u00f3rmula Fern\u00e1ndez-Fern\u00e1ndez. En concordancia con esto, participamos y organizamos diferentes actividades en varias comunas de la Ciudad de Buenos Aires. Mariano Recalde estuvo presente en una charla con comerciantes del barrio de Constituci\u00f3n, en la Comuna 1, en donde [&hellip;]<\/p>\n","protected":false},"author":1,"featured_media":3855,"comment_status":"closed","ping_status":"closed","sticky":false,"template":"","format":"standard","meta":{"tdm_status":"","tdm_grid_status":"","footnotes":""},"categories":[4,9],"tags":[],"class_list":["post-3876","post","type-post","status-publish","format-standard","has-post-thumbnail","hentry","category-featured","category-vidadepartido"],"_links":{"self":[{"href":"https:\/\/pcce.com.ar\/pcce\/wp-json\/wp\/v2\/posts\/3876","targetHints":{"allow":["GET"]}}],"collection":[{"href":"https:\/\/pcce.com.ar\/pcce\/wp-json\/wp\/v2\/posts"}],"about":[{"href":"https:\/\/pcce.com.ar\/pcce\/wp-json\/wp\/v2\/types\/post"}],"author":[{"embeddable":true,"href":"https:\/\/pcce.com.ar\/pcce\/wp-json\/wp\/v2\/users\/1"}],"replies":[{"embeddable":true,"href":"https:\/\/pcce.com.ar\/pcce\/wp-json\/wp\/v2\/comments?post=3876"}],"version-history":[{"count":0,"href":"https:\/\/pcce.com.ar\/pcce\/wp-json\/wp\/v2\/posts\/3876\/revisions"}],"wp:featuredmedia":[{"embeddable":true,"href":"https:\/\/pcce.com.ar\/pcce\/wp-json\/wp\/v2\/media\/3855"}],"wp:attachment":[{"href":"https:\/\/pcce.com.ar\/pcce\/wp-json\/wp\/v2\/media?parent=3876"}],"wp:term":[{"taxonomy":"category","embeddable":true,"href":"https:\/\/pcce.com.ar\/pcce\/wp-json\/wp\/v2\/categories?post=3876"},{"taxonomy":"post_tag","embeddable":true,"href":"https:\/\/pcce.com.ar\/pcce\/wp-json\/wp\/v2\/tags?post=3876"}],"curies":[{"name":"wp","href":"https:\/\/api.w.org\/{rel}","templated":true}]}}