{"id":3910,"date":"2019-07-13T14:32:28","date_gmt":"2019-07-13T17:32:28","guid":{"rendered":"https:\/\/pcce.com.ar\/pcce\/?p=3910"},"modified":"2019-07-13T15:10:33","modified_gmt":"2019-07-13T18:10:33","slug":"vicente-lopez-en-la-calle","status":"publish","type":"post","link":"https:\/\/pcce.com.ar\/pcce\/2019\/07\/13\/vicente-lopez-en-la-calle\/","title":{"rendered":"VICENTE L\u00d3PEZ: En la calle"},"content":{"rendered":"<div class=\"group\">\n<div class=\"story\">\n<div class=\"story\"><\/div>\n<div class=\"story\">\n<p class=\"titulo-2\">A medida que se acercaba la definici\u00f3n de listas, nos dimos a la tarea de organizar y sistematizar con mayor precisi\u00f3n las actividades de calle en el distrito.<\/p>\n<\/div>\n<div class=\"story\">\n<p class=\"recuadro-letra\">Gracias a ello, llegamos a la campa\u00f1a electoral sosteniendo dos mesitas a lo largo de la semana (en Carapachay y Villa Adelina) y una los s\u00e1bados en puente Saavedra. Ahora, con la campa\u00f1a iniciada, nos proponemos profundizar los esfuerzos e incorporar a compa\u00f1eros y compa\u00f1eras a militar la campa\u00f1a de Alberto, Cristina y Axel.<\/p>\n<p class=\"recuadro-letra\">Salimos a la calle a interpelar a los sectores agredidos por el modelo neoliberal, a aportar a la formaci\u00f3n de conciencia y a la organizaci\u00f3n para derrotar al neoliberalismo en octubre.<\/p>\n<\/div>\n<\/div>\n<\/div>\n","protected":false},"excerpt":{"rendered":"<p>A medida que se acercaba la definici\u00f3n de listas, nos dimos a la tarea de organizar y sistematizar con mayor precisi\u00f3n las actividades de calle en el distrito. Gracias a ello, llegamos a la campa\u00f1a electoral sosteniendo dos mesitas a lo largo de la semana (en Carapachay y Villa Adelina) y una los s\u00e1bados en [&hellip;]<\/p>\n","protected":false},"author":1,"featured_media":3895,"comment_status":"closed","ping_status":"closed","sticky":false,"template":"","format":"standard","meta":{"tdm_status":"","tdm_grid_status":"","footnotes":""},"categories":[9],"tags":[],"class_list":["post-3910","post","type-post","status-publish","format-standard","has-post-thumbnail","hentry","category-vidadepartido"],"_links":{"self":[{"href":"https:\/\/pcce.com.ar\/pcce\/wp-json\/wp\/v2\/posts\/3910","targetHints":{"allow":["GET"]}}],"collection":[{"href":"https:\/\/pcce.com.ar\/pcce\/wp-json\/wp\/v2\/posts"}],"about":[{"href":"https:\/\/pcce.com.ar\/pcce\/wp-json\/wp\/v2\/types\/post"}],"author":[{"embeddable":true,"href":"https:\/\/pcce.com.ar\/pcce\/wp-json\/wp\/v2\/users\/1"}],"replies":[{"embeddable":true,"href":"https:\/\/pcce.com.ar\/pcce\/wp-json\/wp\/v2\/comments?post=3910"}],"version-history":[{"count":0,"href":"https:\/\/pcce.com.ar\/pcce\/wp-json\/wp\/v2\/posts\/3910\/revisions"}],"wp:featuredmedia":[{"embeddable":true,"href":"https:\/\/pcce.com.ar\/pcce\/wp-json\/wp\/v2\/media\/3895"}],"wp:attachment":[{"href":"https:\/\/pcce.com.ar\/pcce\/wp-json\/wp\/v2\/media?parent=3910"}],"wp:term":[{"taxonomy":"category","embeddable":true,"href":"https:\/\/pcce.com.ar\/pcce\/wp-json\/wp\/v2\/categories?post=3910"},{"taxonomy":"post_tag","embeddable":true,"href":"https:\/\/pcce.com.ar\/pcce\/wp-json\/wp\/v2\/tags?post=3910"}],"curies":[{"name":"wp","href":"https:\/\/api.w.org\/{rel}","templated":true}]}}