{"id":3938,"date":"2019-07-13T14:48:11","date_gmt":"2019-07-13T17:48:11","guid":{"rendered":"https:\/\/pcce.com.ar\/pcce\/?p=3938"},"modified":"2019-07-13T14:54:06","modified_gmt":"2019-07-13T17:54:06","slug":"cuba-potenciando-la-economia","status":"publish","type":"post","link":"https:\/\/pcce.com.ar\/pcce\/2019\/07\/13\/cuba-potenciando-la-economia\/","title":{"rendered":"CUBA: Potenciando la econom\u00eda"},"content":{"rendered":"<div class=\"story\">El pasado 3 de julio, el Presidente de los Consejos de Estado y de Ministros de Cuba, Miguel D\u00edaz-Canel, y el Ministro de Econom\u00eda, Alejandro Gil Fern\u00e1ndez, anunciaron una serie de directrices y medidas econ\u00f3micas para la segunda mitad del a\u00f1o. El objetivo es mantener una tasa de crecimiento moderada y mejorar significativamente los ingresos de la poblaci\u00f3n. Recordemos que Cuba est\u00e1 atravesando una coyuntura delicada como consecuencia del recrudecimiento del bloqueo norteamericano y por la situaci\u00f3n econ\u00f3mica de Venezuela (principal aliado regional). As\u00ed y todo, la isla mantiene una econom\u00eda estable, con una inflaci\u00f3n de las m\u00e1s bajas del continente y un crecimiento modesto en la producci\u00f3n de bienes y servicios. \u201cLas medidas econ\u00f3micas no llegan solo para resistir el bloqueo, sino que tambi\u00e9n buscan el desarrollo del pa\u00eds y seguir avanzando en medio de ese escenario. Con su implementaci\u00f3n pretendemos sacar a flote las capacidades internas de la econom\u00eda\u201d, asegur\u00f3 el ministro. Una de las medidas anunciadas, la m\u00e1s inmediata, fue un importante aumento de las pensiones y del salario para todo el sector presupuestado, es decir, para el sector p\u00fablico no empresarial. Si bien las escalas var\u00edan en relaci\u00f3n al puesto, los aumentos son superiores al 30% en general. \u201cSe trata de un sector en el cual se defienden las conquistas de la Revoluci\u00f3n y que brinda importantes servicios p\u00fablicos\u201d, afirm\u00f3 D\u00edaz-Canel. En cuanto al sector empresarial estatal, no ser\u00e1 necesario un ajuste similar ya que los salarios vienen subiendo gracias al aumento de la productividad y de las utilidades. De este modo, el Ministro de Econom\u00eda plante\u00f3 continuar enfoc\u00e1ndose en la producci\u00f3n nacional y crear una instituci\u00f3n financiera que propicie su desarrollo. Esto permitir\u00e1 seguir sustituyendo importaciones y, en sinton\u00eda, diversificar e incrementar las exportaciones. En cuando a la administraci\u00f3n empresarial, se flexibilizar\u00e1 la planificaci\u00f3n otorg\u00e1ndole mayor poder de decisi\u00f3n a cada empresa, pero sin perder su condici\u00f3n centralizada. Tambi\u00e9n se eliminar\u00e1n diversas trabas burocr\u00e1ticas para agilizar el encadenamiento productivo entre empresas y se le otorgar\u00e1 una mayor autonom\u00eda a los territorios. Con todo esto, el pa\u00eds socialista contin\u00faa resistiendo y progresando pese a los ataques constantes del imperialismo. \u201cUno ve que el anhelo de Estados Unidos es que regresemos al Per\u00edodo Especial, pero ahora estamos en mejores condiciones para vencer las dificultades\u201d, se\u00f1al\u00f3 D\u00edaz-Canel tras los anuncios.<\/div>\n","protected":false},"excerpt":{"rendered":"<p>El pasado 3 de julio, el Presidente de los Consejos de Estado y de Ministros de Cuba, Miguel D\u00edaz-Canel, y el Ministro de Econom\u00eda, Alejandro Gil Fern\u00e1ndez, anunciaron una serie de directrices y medidas econ\u00f3micas para la segunda mitad del a\u00f1o. El objetivo es mantener una tasa de crecimiento moderada y mejorar significativamente los ingresos [&hellip;]<\/p>\n","protected":false},"author":1,"featured_media":3930,"comment_status":"closed","ping_status":"closed","sticky":false,"template":"","format":"standard","meta":{"tdm_status":"","tdm_grid_status":"","footnotes":""},"categories":[14],"tags":[],"class_list":["post-3938","post","type-post","status-publish","format-standard","has-post-thumbnail","hentry","category-americalatinayelmundo"],"_links":{"self":[{"href":"https:\/\/pcce.com.ar\/pcce\/wp-json\/wp\/v2\/posts\/3938","targetHints":{"allow":["GET"]}}],"collection":[{"href":"https:\/\/pcce.com.ar\/pcce\/wp-json\/wp\/v2\/posts"}],"about":[{"href":"https:\/\/pcce.com.ar\/pcce\/wp-json\/wp\/v2\/types\/post"}],"author":[{"embeddable":true,"href":"https:\/\/pcce.com.ar\/pcce\/wp-json\/wp\/v2\/users\/1"}],"replies":[{"embeddable":true,"href":"https:\/\/pcce.com.ar\/pcce\/wp-json\/wp\/v2\/comments?post=3938"}],"version-history":[{"count":0,"href":"https:\/\/pcce.com.ar\/pcce\/wp-json\/wp\/v2\/posts\/3938\/revisions"}],"wp:featuredmedia":[{"embeddable":true,"href":"https:\/\/pcce.com.ar\/pcce\/wp-json\/wp\/v2\/media\/3930"}],"wp:attachment":[{"href":"https:\/\/pcce.com.ar\/pcce\/wp-json\/wp\/v2\/media?parent=3938"}],"wp:term":[{"taxonomy":"category","embeddable":true,"href":"https:\/\/pcce.com.ar\/pcce\/wp-json\/wp\/v2\/categories?post=3938"},{"taxonomy":"post_tag","embeddable":true,"href":"https:\/\/pcce.com.ar\/pcce\/wp-json\/wp\/v2\/tags?post=3938"}],"curies":[{"name":"wp","href":"https:\/\/api.w.org\/{rel}","templated":true}]}}