{"id":4026,"date":"2019-08-21T02:51:05","date_gmt":"2019-08-21T05:51:05","guid":{"rendered":"https:\/\/pcce.com.ar\/pcce\/?p=4026"},"modified":"2019-08-21T02:51:05","modified_gmt":"2019-08-21T05:51:05","slug":"china-hong-kong-bajo-ataque","status":"publish","type":"post","link":"https:\/\/pcce.com.ar\/pcce\/2019\/08\/21\/china-hong-kong-bajo-ataque\/","title":{"rendered":"CHINA: Hong Kong bajo ataque"},"content":{"rendered":"<div class=\"story\"><\/div>\n<div class=\"story\">\n<p class=\"basic-paragraph\">La ciudad china de Hong Kong, una de las ciudades m\u00e1s ricas del mundo, fue elegida por el imperialismo como cabeza de playa para generar caos en la Rep\u00fablica Popular China. Enmarcada en la guerra comercial entre China y EE.UU., Hong Kong lleva m\u00e1s de cuatro meses sufriendo de manifestaciones violentas y destrozos por parte de sectores anticomunistas radicales, financiados y apoyados por la CIA y el MI6.<\/p>\n<\/div>\n<div class=\"story\">\n<p class=\"texto-general\">Hong Kong es una Regi\u00f3n Administrativa Especial dentro de la Rep\u00fablica Popular China y mantiene un nivel de autonom\u00eda muy importante desde que dej\u00f3 de ser colonia del Reino Unido en 1997. Su autonom\u00eda se enmarca en la idea de \u201cUn pa\u00eds, dos sistemas\u201d, que aplica el gigante asi\u00e1tico para estos casos. El \u00e9xito econ\u00f3mico y pol\u00edtico de la unificaci\u00f3n con China permiti\u00f3 a Hong Kong duplicar su PIB llegando a casi U$D 360 mil millones en 2018, m\u00e1s del doble que en 1996, adem\u00e1s de otorgarle a sus ciudadanos el derecho a votar (algo prohibido durante la colonia).<\/p>\n<p class=\"texto-general\">Las manifestaciones, en principio pac\u00edficas, comenzaron el 31 de marzo para oponerse a la aprobaci\u00f3n de una ley de extradici\u00f3n de Hong Kong hacia China continental y Taiw\u00e1n. Tomando en cuenta el descontento de este sector, la ley fue finalmente dada de baja por la Jefa Ejecutiva Regional, Carrie Lam. Sin embargo, las protestas continuaron escalando. Hoy en d\u00eda los manifestantes se declaran abiertamente anticomunistas y marchan con banderas de Reino Unido y de Estados Unidos. Muchos de ellos incluso hacen proclamas racistas contra sus compatriotas de China continental y atacan en banda a todo aquel que los enfrente o critique. Los destrozos que ocasionan en la ciudad est\u00e1n generando p\u00e9rdidas multimillonarias.<\/p>\n<p class=\"texto-general\">\u201cLa intenci\u00f3n de estas facciones radicales es sabotear el estado de derecho de Hong Kong y amenazar las bases de \u2018Un pa\u00eds, dos sistemas\u2019. El gobierno central apoya firmemente al gobierno y la polic\u00eda local en la toma de todas las medidas necesarias para llevar a los responsables ante la justicia y defender la estabilidad social de Hong Kong. Los asuntos de Hong Kong son \u00fanicamente asuntos internos de China\u201d, afirm\u00f3 con contundencia el embajador chino en Estados Unidos, Cui Tiankai. Mientras la polic\u00eda local tenga controlada la situaci\u00f3n, el Ej\u00e9rcito Popular de Liberaci\u00f3n se mantiene cauto.<\/p>\n<\/div>\n","protected":false},"excerpt":{"rendered":"<p>La ciudad china de Hong Kong, una de las ciudades m\u00e1s ricas del mundo, fue elegida por el imperialismo como cabeza de playa para generar caos en la Rep\u00fablica Popular China. Enmarcada en la guerra comercial entre China y EE.UU., Hong Kong lleva m\u00e1s de cuatro meses sufriendo de manifestaciones violentas y destrozos por parte [&hellip;]<\/p>\n","protected":false},"author":1,"featured_media":4010,"comment_status":"closed","ping_status":"closed","sticky":false,"template":"","format":"standard","meta":{"tdm_status":"","tdm_grid_status":"","footnotes":""},"categories":[14,4],"tags":[],"class_list":["post-4026","post","type-post","status-publish","format-standard","has-post-thumbnail","hentry","category-americalatinayelmundo","category-featured"],"_links":{"self":[{"href":"https:\/\/pcce.com.ar\/pcce\/wp-json\/wp\/v2\/posts\/4026","targetHints":{"allow":["GET"]}}],"collection":[{"href":"https:\/\/pcce.com.ar\/pcce\/wp-json\/wp\/v2\/posts"}],"about":[{"href":"https:\/\/pcce.com.ar\/pcce\/wp-json\/wp\/v2\/types\/post"}],"author":[{"embeddable":true,"href":"https:\/\/pcce.com.ar\/pcce\/wp-json\/wp\/v2\/users\/1"}],"replies":[{"embeddable":true,"href":"https:\/\/pcce.com.ar\/pcce\/wp-json\/wp\/v2\/comments?post=4026"}],"version-history":[{"count":0,"href":"https:\/\/pcce.com.ar\/pcce\/wp-json\/wp\/v2\/posts\/4026\/revisions"}],"wp:featuredmedia":[{"embeddable":true,"href":"https:\/\/pcce.com.ar\/pcce\/wp-json\/wp\/v2\/media\/4010"}],"wp:attachment":[{"href":"https:\/\/pcce.com.ar\/pcce\/wp-json\/wp\/v2\/media?parent=4026"}],"wp:term":[{"taxonomy":"category","embeddable":true,"href":"https:\/\/pcce.com.ar\/pcce\/wp-json\/wp\/v2\/categories?post=4026"},{"taxonomy":"post_tag","embeddable":true,"href":"https:\/\/pcce.com.ar\/pcce\/wp-json\/wp\/v2\/tags?post=4026"}],"curies":[{"name":"wp","href":"https:\/\/api.w.org\/{rel}","templated":true}]}}