{"id":4030,"date":"2019-08-21T02:53:24","date_gmt":"2019-08-21T05:53:24","guid":{"rendered":"https:\/\/pcce.com.ar\/pcce\/?p=4030"},"modified":"2019-08-21T02:53:24","modified_gmt":"2019-08-21T05:53:24","slug":"villa-devoto-rock-en-campana","status":"publish","type":"post","link":"https:\/\/pcce.com.ar\/pcce\/2019\/08\/21\/villa-devoto-rock-en-campana\/","title":{"rendered":"VILLA DEVOTO: Rock en campa\u00f1a"},"content":{"rendered":"<div class=\"story\"><\/div>\n<div class=\"story\">\n<p class=\"titulo-2\">El pasado 3 de agosto los camaradas de Villa Devoto realizaron el festival de rock \u201cMacri Chau\u201d en el club Sportivo Devoto. Con el empuje de la c\u00e9lula del Partido y junto a vecinos, artistas y la gente del club se decidi\u00f3 hacer una actividad que aporte a la campa\u00f1a, donde todos entend\u00edamos la importancia de lo que se juega en el proceso electoral. Con un criterio amplio de convocatoria que abarque no solo a los convencidos, se sali\u00f3 a militar el festival por las plazas, colegios y las calles del barrio de Devoto y tambi\u00e9n en la Facultad de Agronom\u00eda, lugar donde se concentra mucha juventud.<\/p>\n<\/div>\n<div class=\"story\">\n<p class=\"recuadro-letra\">Tocaron la Big Bang Rock, Hormigas y el artista callejero Juan Denis, entre otros. No solo fue una gran noche con ferviente esp\u00edritu \u201cantineoliberal\u201d, sino que nos deja un saldo de construcci\u00f3n y un piso para seguir militando y organizando en el barrio.<\/p>\n<\/div>\n","protected":false},"excerpt":{"rendered":"<p>El pasado 3 de agosto los camaradas de Villa Devoto realizaron el festival de rock \u201cMacri Chau\u201d en el club Sportivo Devoto. Con el empuje de la c\u00e9lula del Partido y junto a vecinos, artistas y la gente del club se decidi\u00f3 hacer una actividad que aporte a la campa\u00f1a, donde todos entend\u00edamos la importancia [&hellip;]<\/p>\n","protected":false},"author":1,"featured_media":4015,"comment_status":"closed","ping_status":"closed","sticky":false,"template":"","format":"standard","meta":{"tdm_status":"","tdm_grid_status":"","footnotes":""},"categories":[4,9],"tags":[],"class_list":["post-4030","post","type-post","status-publish","format-standard","has-post-thumbnail","hentry","category-featured","category-vidadepartido"],"_links":{"self":[{"href":"https:\/\/pcce.com.ar\/pcce\/wp-json\/wp\/v2\/posts\/4030","targetHints":{"allow":["GET"]}}],"collection":[{"href":"https:\/\/pcce.com.ar\/pcce\/wp-json\/wp\/v2\/posts"}],"about":[{"href":"https:\/\/pcce.com.ar\/pcce\/wp-json\/wp\/v2\/types\/post"}],"author":[{"embeddable":true,"href":"https:\/\/pcce.com.ar\/pcce\/wp-json\/wp\/v2\/users\/1"}],"replies":[{"embeddable":true,"href":"https:\/\/pcce.com.ar\/pcce\/wp-json\/wp\/v2\/comments?post=4030"}],"version-history":[{"count":0,"href":"https:\/\/pcce.com.ar\/pcce\/wp-json\/wp\/v2\/posts\/4030\/revisions"}],"wp:featuredmedia":[{"embeddable":true,"href":"https:\/\/pcce.com.ar\/pcce\/wp-json\/wp\/v2\/media\/4015"}],"wp:attachment":[{"href":"https:\/\/pcce.com.ar\/pcce\/wp-json\/wp\/v2\/media?parent=4030"}],"wp:term":[{"taxonomy":"category","embeddable":true,"href":"https:\/\/pcce.com.ar\/pcce\/wp-json\/wp\/v2\/categories?post=4030"},{"taxonomy":"post_tag","embeddable":true,"href":"https:\/\/pcce.com.ar\/pcce\/wp-json\/wp\/v2\/tags?post=4030"}],"curies":[{"name":"wp","href":"https:\/\/api.w.org\/{rel}","templated":true}]}}