{"id":4069,"date":"2019-09-03T20:19:18","date_gmt":"2019-09-03T23:19:18","guid":{"rendered":"https:\/\/pcce.com.ar\/pcce\/?p=4069"},"modified":"2019-09-03T20:19:18","modified_gmt":"2019-09-03T23:19:18","slug":"zonal-norte-de-la-provincia-de-buenos-aires-con-mas-fuerzas","status":"publish","type":"post","link":"https:\/\/pcce.com.ar\/pcce\/2019\/09\/03\/zonal-norte-de-la-provincia-de-buenos-aires-con-mas-fuerzas\/","title":{"rendered":"ZONAL NORTE DE LA PROVINCIA DE BUENOS AIRES: Con m\u00e1s fuerzas"},"content":{"rendered":"<div class=\"story\"><\/div>\n<div class=\"story\">\n<p class=\"basic-paragraph\">El pasado s\u00e1bado 17 realizamos en nuestro Centro Cultural \u2018Mercedes Sosa\u2019 de Vicente L\u00f3pez el plenario de la militancia y amigos del Partido del Zonal Norte.<\/p>\n<\/div>\n<div class=\"story\">\n<p class=\"texto-general\">El encuentro comenz\u00f3 con un ameno intercambio de an\u00e9cdotas y experiencias de la campa\u00f1a y, especialmente, de la fiscalizaci\u00f3n. Un hito destacable es el hecho de que el Partido fiscaliz\u00f3 en tres escuelas de San Isidro y una de Vicente L\u00f3pez, lo cual es expresi\u00f3n concreta del r\u00e1pido proceso de crecimiento de nuestra organizaci\u00f3n en la zona.<\/p>\n<p class=\"texto-general\">La reuni\u00f3n continu\u00f3 con una intervenci\u00f3n de los camaradas de la direcci\u00f3n del zonal, poniendo en com\u00fan lo fundamental del balance del Partido respecto del contundente triunfo en las PASO. Luego, varios compa\u00f1eros aportaron su opini\u00f3n y su balance, generando un clima de reflexi\u00f3n y debate colectivo que fue enriquecedor para el conjunto de los presentes.<\/p>\n<p class=\"texto-general\">Se concluy\u00f3 con la certeza de que hay que salir a la calle con m\u00e1s fuerza que antes: no hay nada ganado a\u00fan y la batalla determinante es el 27 de octubre. Nuestro compromiso es organizar a los convencidos para convencer a los indecisos y dar la batalla de ideas para no permitir que nuestro pueblo se deje manipular por el chantaje econ\u00f3mico del decadente gobierno de Macri y Vidal.<\/p>\n<p class=\"texto-general\">Nuestro enemigo no va a descansar nunca, nosotros no podemos darnos el lujo de dormirnos en los laureles. Macri es solo una circunstancia, un funcionario del poder real que verdaderamente gobierna hoy la Argentina: el imperialismo yanqui. Es imprescindible garantizar el triunfo m\u00e1s contundente posible en octubre y, en el proceso de la lucha electoral, organizar a la mayor cantidad de compatriotas posibles para defender las posiciones antineoliberales del pr\u00f3ximo gobierno. Esta fue, sint\u00e9ticamente, la conclusi\u00f3n del encuentro.<\/p>\n<\/div>\n","protected":false},"excerpt":{"rendered":"<p>El pasado s\u00e1bado 17 realizamos en nuestro Centro Cultural \u2018Mercedes Sosa\u2019 de Vicente L\u00f3pez el plenario de la militancia y amigos del Partido del Zonal Norte. El encuentro comenz\u00f3 con un ameno intercambio de an\u00e9cdotas y experiencias de la campa\u00f1a y, especialmente, de la fiscalizaci\u00f3n. Un hito destacable es el hecho de que el Partido [&hellip;]<\/p>\n","protected":false},"author":1,"featured_media":4056,"comment_status":"closed","ping_status":"closed","sticky":false,"template":"","format":"standard","meta":{"tdm_status":"","tdm_grid_status":"","footnotes":""},"categories":[4,9],"tags":[],"class_list":["post-4069","post","type-post","status-publish","format-standard","has-post-thumbnail","hentry","category-featured","category-vidadepartido"],"_links":{"self":[{"href":"https:\/\/pcce.com.ar\/pcce\/wp-json\/wp\/v2\/posts\/4069","targetHints":{"allow":["GET"]}}],"collection":[{"href":"https:\/\/pcce.com.ar\/pcce\/wp-json\/wp\/v2\/posts"}],"about":[{"href":"https:\/\/pcce.com.ar\/pcce\/wp-json\/wp\/v2\/types\/post"}],"author":[{"embeddable":true,"href":"https:\/\/pcce.com.ar\/pcce\/wp-json\/wp\/v2\/users\/1"}],"replies":[{"embeddable":true,"href":"https:\/\/pcce.com.ar\/pcce\/wp-json\/wp\/v2\/comments?post=4069"}],"version-history":[{"count":0,"href":"https:\/\/pcce.com.ar\/pcce\/wp-json\/wp\/v2\/posts\/4069\/revisions"}],"wp:featuredmedia":[{"embeddable":true,"href":"https:\/\/pcce.com.ar\/pcce\/wp-json\/wp\/v2\/media\/4056"}],"wp:attachment":[{"href":"https:\/\/pcce.com.ar\/pcce\/wp-json\/wp\/v2\/media?parent=4069"}],"wp:term":[{"taxonomy":"category","embeddable":true,"href":"https:\/\/pcce.com.ar\/pcce\/wp-json\/wp\/v2\/categories?post=4069"},{"taxonomy":"post_tag","embeddable":true,"href":"https:\/\/pcce.com.ar\/pcce\/wp-json\/wp\/v2\/tags?post=4069"}],"curies":[{"name":"wp","href":"https:\/\/api.w.org\/{rel}","templated":true}]}}