{"id":4186,"date":"2019-10-10T02:06:28","date_gmt":"2019-10-10T05:06:28","guid":{"rendered":"https:\/\/pcce.com.ar\/pcce\/?p=4186"},"modified":"2019-10-10T02:07:23","modified_gmt":"2019-10-10T05:07:23","slug":"mujeres-en-revolucion","status":"publish","type":"post","link":"https:\/\/pcce.com.ar\/pcce\/2019\/10\/10\/mujeres-en-revolucion\/","title":{"rendered":"Mujeres en revoluci\u00f3n"},"content":{"rendered":"<div class=\"story\">\n<p>En la foto: Ludmila Pavlichenco, Roza S\u00e1nina, Vilma Esp\u00edn, Celia S\u00e1nchez, Tamara Bunke Bider, Hayd\u00e9e Santamar\u00eda y Melba Hern\u00e1ndez; en el centro: Nadieshda Kr\u00fapskaia, Olga Benario, In\u00e9s Ollero, Ana Teresa Diego y Graciela Panne; abajo: Clara Zetkin, Rosa Luxemburgo, Hebe de Bonafini, Cristina Fern\u00e1ndez de Kirchner, Milagro Sala y Dolores Ib\u00e1rruri.<\/p>\n<p class=\"basic-paragraph\"><span class=\"mayuscula\">CON VISTAS AL 34\u00ba ENCUENTRO PLURINACIONAL DE MUJERES Y DIVERSIDAD<\/span><\/p>\n<h2><strong>Mujeres en revoluci\u00f3n<\/strong><\/h2>\n<p class=\"basic-paragraph\">Por Rodolfo G. M\u00f3dena<\/p>\n<\/div>\n<div class=\"story\">\n<p class=\"capitular-texto-gral\">Como marxistas, la base cient\u00edfica de nuestro enfoque respecto de la cuesti\u00f3n de g\u00e9nero hay que ir a buscarla en los or\u00edgenes mismos del socialismo cient\u00edfico, particularmente, en Federico Engels y su \u201cEl origen de la familia, la propiedad privada y el Estado\u201d, de 1884.<\/p>\n<p class=\"basic-paragraph\">Pronto, ser\u00edan sus dos grandes disc\u00edpulas en el socialismo alem\u00e1n, Clara Zetkin (1857-1933) y Rosa Luxemburgo (1871-1919), quienes llevaron adelante las primeras grandes batallas ideol\u00f3gicas y pr\u00e1cticas sobre la pol\u00edtica de g\u00e9nero de los revolucionarios. De hecho, fue Clara Zetkin quien propuso conmemorar el 8 de marzo como D\u00eda Internacional de la Mujer Trabajadora, en el Congreso Internacional de Mujeres Socialistas (Copenhague, 1910), en homenaje a las obreras quemadas vivas en el incendio patronal intencional de 1908 en la f\u00e1brica textil Cotton de Nueva York. Reci\u00e9n en 1977, las Naciones Unidas instituyeron la fecha como D\u00eda Internacional de la Mujer, al influjo de la Uni\u00f3n Sovi\u00e9tica y el campo de los pa\u00edses socialistas.<\/p>\n<p class=\"basic-paragraph\">En la Revoluci\u00f3n de Octubre y la construcci\u00f3n del socialismo en la Uni\u00f3n Sovi\u00e9tica, fue encomiable el papel de Nadieshda Kr\u00fapskaia (1869-1939), miembro del Comit\u00e9 Central del PCUS y Vice Comisaria del Pueblo de Educaci\u00f3n, desde donde llev\u00f3 adelante la victoria sobre el analfabetismo, desarroll\u00f3 el sistema educativo sovi\u00e9tico e impuls\u00f3 la igualdad y el protagonismo pol\u00edtico de la mujer como en ning\u00fan pa\u00eds del mundo hasta entonces.<\/p>\n<p class=\"basic-paragraph\">En 1935, la alemana Olga Benario y la argentina Carmen Alfaya, fueron detenidas tras la fallida insurrecci\u00f3n liderada por Prestes y el Partido Comunista de Brasil. Olga fue deportada a Alemania y muri\u00f3 en la c\u00e1mara de gas de un campo de exterminio nazi.<\/p>\n<p class=\"basic-paragraph\">Durante la Guerra Civil espa\u00f1ola, Dolores Ib\u00e1rruri (Pasionaria) se convirti\u00f3 en s\u00edmbolo de la mujer obrera, l\u00edder republicana y del Partido Comunista de Espa\u00f1a. All\u00ed tambi\u00e9n se destacaron en combate las c\u00e9lebres Brigadas Mixtas del Ej\u00e9rcito Republicano. Y tambi\u00e9n all\u00ed, en las Brigadas Internacionales, participaron cuadros del Partido Comunista de la Argentina como la recordada Raquel Lebensohn.<\/p>\n<p class=\"basic-paragraph\">En la Segunda Guerra Mundial, las mujeres sovi\u00e9ticas se destacaron entre los mejores combatientes del Ej\u00e9rcito Rojo. Baste se\u00f1alar a la aviadora Polina Gelman y los escuadrones de mujeres conocidas por los nazis como las \u201cbrujas de la noche\u201d por sus audaces bombardeos nocturnos, o las famosas francotiradoras Ludmila Pavlichenco y Roza S\u00e1nina.<\/p>\n<p class=\"basic-paragraph\">Cabe acotar tambi\u00e9n, que la camarada Alcira de la Pe\u00f1a fue la primera mujer argentina candidata a la Vicepresidencia de la Rep\u00fablica en 1952. Asimismo hubo compa\u00f1eras de nuestro Partido que fueron notables dirigentes sindicales, como la camarada Irene Rodr\u00edguez (telef\u00f3nicos), entre otras.<\/p>\n<p class=\"basic-paragraph\">Tampoco podemos dejar de recordar a las revolucionarias cubanas Celia S\u00e1nchez, Vilma Esp\u00edn, Hayd\u00e9e Santamar\u00eda o Melba Hern\u00e1ndez, guerrilleras y fundadoras del Partido Comunista de Cuba junto a Fidel, as\u00ed como a la argentino-alemana Tamara Bunke Bider, \u201cTania\u201d, ca\u00edda en combate en la guerrilla del Che en Bolivia.<\/p>\n<p class=\"basic-paragraph\">Tambi\u00e9n fueron mujeres muchos de los 30.000 compa\u00f1eros desaparecidos durante la \u00faltima dictadura c\u00edvico-militar, a las que rendimos homenaje en los nombres de nuestras camaradas Ana Teresa Diego, In\u00e9s Ollero y Graciela Panne. Mujeres son las Madres y las Abuelas de Plaza de Mayo, Hebe de Bonafini y Estela de Carlotto entre muchas, as\u00ed como nuestra inolvidable camarada Luisa Zaragoza.<\/p>\n<p class=\"basic-paragraph\">Millones de mujeres trabajadoras enfrentaron al neoliberalismo en los a\u00f1os `90 y salieron a poner el cuerpo para sostener a sus familias, cuando sus maridos desocupados (a los que tambi\u00e9n condena la cultura machista) ca\u00edan en la impotencia y la depresi\u00f3n. Milagro Sala, que adem\u00e1s de mujer es ind\u00edgena, es la presa pol\u00edtica m\u00e1s emblem\u00e1tica del neoliberalismo y su liberaci\u00f3n es un clamor de todo el pueblo argentino.<\/p>\n<p class=\"basic-paragraph\">Y qu\u00e9 hablar de Cristina como l\u00edder del nuevo movimiento nacional, popular, democr\u00e1tico y latinoamericanista que representa el kirchnerismo, la que ha demostrado su grandeza como Presidenta y ahora, como estratega fundamental de la victoria popular que se avecina.<\/p>\n<\/div>\n","protected":false},"excerpt":{"rendered":"<p>En la foto: Ludmila Pavlichenco, Roza S\u00e1nina, Vilma Esp\u00edn, Celia S\u00e1nchez, Tamara Bunke Bider, Hayd\u00e9e Santamar\u00eda y Melba Hern\u00e1ndez; en el centro: Nadieshda Kr\u00fapskaia, Olga Benario, In\u00e9s Ollero, Ana Teresa Diego y Graciela Panne; abajo: Clara Zetkin, Rosa Luxemburgo, Hebe de Bonafini, Cristina Fern\u00e1ndez de Kirchner, Milagro Sala y Dolores Ib\u00e1rruri. CON VISTAS AL 34\u00ba [&hellip;]<\/p>\n","protected":false},"author":1,"featured_media":4177,"comment_status":"closed","ping_status":"closed","sticky":false,"template":"","format":"standard","meta":{"tdm_status":"","tdm_grid_status":"","footnotes":""},"categories":[17,4],"tags":[],"class_list":["post-4186","post","type-post","status-publish","format-standard","has-post-thumbnail","hentry","category-contratapa","category-featured"],"_links":{"self":[{"href":"https:\/\/pcce.com.ar\/pcce\/wp-json\/wp\/v2\/posts\/4186","targetHints":{"allow":["GET"]}}],"collection":[{"href":"https:\/\/pcce.com.ar\/pcce\/wp-json\/wp\/v2\/posts"}],"about":[{"href":"https:\/\/pcce.com.ar\/pcce\/wp-json\/wp\/v2\/types\/post"}],"author":[{"embeddable":true,"href":"https:\/\/pcce.com.ar\/pcce\/wp-json\/wp\/v2\/users\/1"}],"replies":[{"embeddable":true,"href":"https:\/\/pcce.com.ar\/pcce\/wp-json\/wp\/v2\/comments?post=4186"}],"version-history":[{"count":0,"href":"https:\/\/pcce.com.ar\/pcce\/wp-json\/wp\/v2\/posts\/4186\/revisions"}],"wp:featuredmedia":[{"embeddable":true,"href":"https:\/\/pcce.com.ar\/pcce\/wp-json\/wp\/v2\/media\/4177"}],"wp:attachment":[{"href":"https:\/\/pcce.com.ar\/pcce\/wp-json\/wp\/v2\/media?parent=4186"}],"wp:term":[{"taxonomy":"category","embeddable":true,"href":"https:\/\/pcce.com.ar\/pcce\/wp-json\/wp\/v2\/categories?post=4186"},{"taxonomy":"post_tag","embeddable":true,"href":"https:\/\/pcce.com.ar\/pcce\/wp-json\/wp\/v2\/tags?post=4186"}],"curies":[{"name":"wp","href":"https:\/\/api.w.org\/{rel}","templated":true}]}}