{"id":4314,"date":"2019-12-17T15:14:18","date_gmt":"2019-12-17T18:14:18","guid":{"rendered":"https:\/\/pcce.com.ar\/pcce\/?p=4314"},"modified":"2019-12-17T15:14:18","modified_gmt":"2019-12-17T18:14:18","slug":"reunion-provincial-se-afirma-el-partido-en-cordoba","status":"publish","type":"post","link":"https:\/\/pcce.com.ar\/pcce\/2019\/12\/17\/reunion-provincial-se-afirma-el-partido-en-cordoba\/","title":{"rendered":"REUNI\u00d3N PROVINCIAL: Se afirma el Partido en C\u00f3rdoba"},"content":{"rendered":"<p class=\"recuadro-letra-capitular\">El \u00faltimo 24 de noviembre se llev\u00f3 a cabo una reuni\u00f3n provincial con la visita del camarada Cristian Barbarini, miembro del Secretariado Nacional. Luego de un an\u00e1lisis de la situaci\u00f3n pol\u00edtica provincial, nacional e internacional se realiz\u00f3 un balance y proyecci\u00f3n partidaria con vistas a la nueva etapa que se abre con la victoria de Alberto y Cristina.<\/p>\n<p class=\"recuadro-letra\">Contamos con la presencia e intervenciones de camaradas de R\u00edo Cuarto, Punilla, San Guillermo y C\u00f3rdoba Capital.<\/p>\n<p class=\"recuadro-letra\">Se puso \u00e9nfasis en el necesario crecimiento del Partido, en una mayor inserci\u00f3n en los movimientos de masas, en lo sindical, territorial y estudiantil de acuerdo a las caracter\u00edsticas de cada zona. Se destac\u00f3 la importancia de defender al gobierno de Alberto y Cristina y al mismo tiempo organizar y luchar por los derechos y reivindicaciones de los sectores populares. La reuni\u00f3n se desarroll\u00f3 en un marco de inmensa alegr\u00eda por el nuevo local partidario ubicado en calle Peredo 495 (esquina Bol\u00edvar) de barrio G\u00fcemes, el cual ser\u00e1 inaugurado en los pr\u00f3ximos meses.<\/p>\n","protected":false},"excerpt":{"rendered":"<p>El \u00faltimo 24 de noviembre se llev\u00f3 a cabo una reuni\u00f3n provincial con la visita del camarada Cristian Barbarini, miembro del Secretariado Nacional. Luego de un an\u00e1lisis de la situaci\u00f3n pol\u00edtica provincial, nacional e internacional se realiz\u00f3 un balance y proyecci\u00f3n partidaria con vistas a la nueva etapa que se abre con la victoria de [&hellip;]<\/p>\n","protected":false},"author":1,"featured_media":4298,"comment_status":"closed","ping_status":"closed","sticky":false,"template":"","format":"standard","meta":{"tdm_status":"","tdm_grid_status":"","footnotes":""},"categories":[9],"tags":[],"class_list":["post-4314","post","type-post","status-publish","format-standard","has-post-thumbnail","hentry","category-vidadepartido"],"_links":{"self":[{"href":"https:\/\/pcce.com.ar\/pcce\/wp-json\/wp\/v2\/posts\/4314","targetHints":{"allow":["GET"]}}],"collection":[{"href":"https:\/\/pcce.com.ar\/pcce\/wp-json\/wp\/v2\/posts"}],"about":[{"href":"https:\/\/pcce.com.ar\/pcce\/wp-json\/wp\/v2\/types\/post"}],"author":[{"embeddable":true,"href":"https:\/\/pcce.com.ar\/pcce\/wp-json\/wp\/v2\/users\/1"}],"replies":[{"embeddable":true,"href":"https:\/\/pcce.com.ar\/pcce\/wp-json\/wp\/v2\/comments?post=4314"}],"version-history":[{"count":0,"href":"https:\/\/pcce.com.ar\/pcce\/wp-json\/wp\/v2\/posts\/4314\/revisions"}],"wp:featuredmedia":[{"embeddable":true,"href":"https:\/\/pcce.com.ar\/pcce\/wp-json\/wp\/v2\/media\/4298"}],"wp:attachment":[{"href":"https:\/\/pcce.com.ar\/pcce\/wp-json\/wp\/v2\/media?parent=4314"}],"wp:term":[{"taxonomy":"category","embeddable":true,"href":"https:\/\/pcce.com.ar\/pcce\/wp-json\/wp\/v2\/categories?post=4314"},{"taxonomy":"post_tag","embeddable":true,"href":"https:\/\/pcce.com.ar\/pcce\/wp-json\/wp\/v2\/tags?post=4314"}],"curies":[{"name":"wp","href":"https:\/\/api.w.org\/{rel}","templated":true}]}}