{"id":4344,"date":"2019-12-20T00:31:36","date_gmt":"2019-12-20T03:31:36","guid":{"rendered":"https:\/\/pcce.com.ar\/pcce\/?p=4344"},"modified":"2019-12-20T00:31:36","modified_gmt":"2019-12-20T03:31:36","slug":"juro-fernando-vera-en-general-rodriguez-comunista-y-concejal","status":"publish","type":"post","link":"https:\/\/pcce.com.ar\/pcce\/2019\/12\/20\/juro-fernando-vera-en-general-rodriguez-comunista-y-concejal\/","title":{"rendered":"JUR\u00d3 FERNANDO VERA EN GENERAL RODR\u00cdGUEZ: Comunista y concejal"},"content":{"rendered":"<div class=\"story\">\n<p class=\"copete-general\">El lunes 9 de diciembre el PCCE de General Rodr\u00edguez peg\u00f3 un salto en su representaci\u00f3n pol\u00edtica: jur\u00f3 como concejal el camarada Fernando Vera.<\/p>\n<\/div>\n<div class=\"story\">\n<p class=\"recuadro-letra-capitular\">En un contexto de profundas definiciones pol\u00edticas, como lo fue la semana de la asunci\u00f3n de Alberto y Cristina, los comunistas rodriguenses salimos a la calle a celebrar, acompa\u00f1ar al compa\u00f1ero Fernando y a marcar el rol del Partido en esta etapa de la lucha de clases.<\/p>\n<p class=\"recuadro-letra\">La jornada arranc\u00f3 con el encuentro de compa\u00f1eros en nuestro local del distrito, en una tarde muy calurosa donde adem\u00e1s se respiraba alegr\u00eda, camarader\u00eda y el honor por hacer valer nuestras tareas y construcci\u00f3n pol\u00edtica. La columna de varias docenas de militantes atraves\u00f3 el centro de Rodr\u00edguez con las banderas, cortando las calles, en un distrito que tambi\u00e9n cambia de signo pol\u00edtico, con un FdT que supo conjugar m\u00e1s del 58% de los votos para la f\u00f3rmula presidencial.<\/p>\n<p class=\"recuadro-letra\">En el acto de asunci\u00f3n encontramos una multitud de militantes del Frente de Todos que se acercaron a celebrar la victoria, acompa\u00f1ando la asunci\u00f3n del intendente y concejales.<\/p>\n<p class=\"recuadro-letra\">Mientras ca\u00eda el sol de la tarde, al momento de asumir como concejal, la voz de Fernando reson\u00f3 por los parlantes en la jura por el compromiso y la referencia de Jorge Pereyra, N\u00e9stor y Cristina. Luego de agitar, cantar y ondear nuestras banderas, celebramos con emoci\u00f3n, comprometidos con las tareas y espacios de representaci\u00f3n del Partido.<\/p>\n<p class=\"recuadro-letra\">La candidatura y el lugar para los comunistas es parte de la construcci\u00f3n en barrios obreros, entre estudiantes, mujeres y hombres trabajadores, en la lucha de resistencia en las calles, y en el v\u00ednculo con las fuerzas pol\u00edticas del campo popular. El lugar de los comunistas en el kirchnerismo del distrito es parte de d\u00e9cadas de construcci\u00f3n con atributos leninistas y un reconocimiento a la consecuencia y determinaci\u00f3n de generaciones de revolucionarios con sentido del momento hist\u00f3rico.<\/p>\n<\/div>\n","protected":false},"excerpt":{"rendered":"<p>El lunes 9 de diciembre el PCCE de General Rodr\u00edguez peg\u00f3 un salto en su representaci\u00f3n pol\u00edtica: jur\u00f3 como concejal el camarada Fernando Vera. En un contexto de profundas definiciones pol\u00edticas, como lo fue la semana de la asunci\u00f3n de Alberto y Cristina, los comunistas rodriguenses salimos a la calle a celebrar, acompa\u00f1ar al compa\u00f1ero [&hellip;]<\/p>\n","protected":false},"author":1,"featured_media":4338,"comment_status":"closed","ping_status":"closed","sticky":false,"template":"","format":"standard","meta":{"tdm_status":"","tdm_grid_status":"","footnotes":""},"categories":[4,9],"tags":[],"class_list":["post-4344","post","type-post","status-publish","format-standard","has-post-thumbnail","hentry","category-featured","category-vidadepartido"],"_links":{"self":[{"href":"https:\/\/pcce.com.ar\/pcce\/wp-json\/wp\/v2\/posts\/4344","targetHints":{"allow":["GET"]}}],"collection":[{"href":"https:\/\/pcce.com.ar\/pcce\/wp-json\/wp\/v2\/posts"}],"about":[{"href":"https:\/\/pcce.com.ar\/pcce\/wp-json\/wp\/v2\/types\/post"}],"author":[{"embeddable":true,"href":"https:\/\/pcce.com.ar\/pcce\/wp-json\/wp\/v2\/users\/1"}],"replies":[{"embeddable":true,"href":"https:\/\/pcce.com.ar\/pcce\/wp-json\/wp\/v2\/comments?post=4344"}],"version-history":[{"count":0,"href":"https:\/\/pcce.com.ar\/pcce\/wp-json\/wp\/v2\/posts\/4344\/revisions"}],"wp:featuredmedia":[{"embeddable":true,"href":"https:\/\/pcce.com.ar\/pcce\/wp-json\/wp\/v2\/media\/4338"}],"wp:attachment":[{"href":"https:\/\/pcce.com.ar\/pcce\/wp-json\/wp\/v2\/media?parent=4344"}],"wp:term":[{"taxonomy":"category","embeddable":true,"href":"https:\/\/pcce.com.ar\/pcce\/wp-json\/wp\/v2\/categories?post=4344"},{"taxonomy":"post_tag","embeddable":true,"href":"https:\/\/pcce.com.ar\/pcce\/wp-json\/wp\/v2\/tags?post=4344"}],"curies":[{"name":"wp","href":"https:\/\/api.w.org\/{rel}","templated":true}]}}