{"id":4397,"date":"2020-03-11T14:55:37","date_gmt":"2020-03-11T17:55:37","guid":{"rendered":"https:\/\/pcce.com.ar\/pcce\/?p=4397"},"modified":"2020-03-11T14:55:37","modified_gmt":"2020-03-11T17:55:37","slug":"kicillof-abrio-las-sesiones-en-la-provincia-poner-la-provincia-en-marcha","status":"publish","type":"post","link":"https:\/\/pcce.com.ar\/pcce\/2020\/03\/11\/kicillof-abrio-las-sesiones-en-la-provincia-poner-la-provincia-en-marcha\/","title":{"rendered":"KICILLOF ABRI\u00d3 LAS SESIONES EN LA PROVINCIA: Poner la provincia en marcha"},"content":{"rendered":"<div class=\"story\"><\/div>\n<div class=\"story\"><\/div>\n<div class=\"story\">\n<p class=\"basic-paragraph\">El Gobernador Axel Kicillof inaugur\u00f3 este 2 de marzo la 148 apertura de las sesiones ordinarias de la Legislatura de la Provincia de Buenos Aires. En su discurso detall\u00f3 el estado en el que recibi\u00f3 la provincia de manos de Vidal, la deuda hist\u00f3rica que contrajo, la cual dolariz\u00f3 y concentr\u00f3 en mercados financieros internacionales. Frente a ello sostuvo que \u201clos vencimientos de deuda de este a\u00f1o son de 220 mil millones de pesos. Eso tiene que ver con una pol\u00edtica de endeudamiento. Cambi\u00f3 la composici\u00f3n de la deuda. Antes era 57% en d\u00f3lares y ahora 83%. La deuda con bonistas internacionales, que son m\u00e1s dif\u00edciles, pas\u00f3 del 28% al 62%. Los servicios de deuda pasaron del 9,8% al 20%. Se duplic\u00f3 la carga de la deuda sobre el presupuesto provincial\u201d. El modelo neoliberal de Macri y Vidal dej\u00f3 al 38,4% de los y las bonaerenses bajo la l\u00ednea de pobreza y al 60% en la desocupaci\u00f3n. El estado de la salud p\u00fablica, la educaci\u00f3n y la infraestructura, demuestran que la provincia estuvo en estado de abandono por 4 a\u00f1os.<\/p>\n<\/div>\n<div class=\"story\">\n<p class=\"basic-paragraph\">Por otra parte, Kicillof se refiri\u00f3 a las medidas que se impulsaron en los 82 d\u00edas de su mandato, para comenzar a revertir la situaci\u00f3n que atraviesan las y los bonaerenses y poner en marcha a la provincia. Entre ellas remarc\u00f3 el congelamiento de tarifas, peaje y combustibles. El crecimiento del turismo durante las vacaciones que impuls\u00f3 el consumo local. El inicio del ciclo electivo luego de concretar un acuerdo paritario que alcanza un aumento salarial de un 16, 66% y reapertura de paritarias docentes en junio. Otra medida importante fue el lanzamiento del programa de incentivo para Pymes \u201cArriBA Pymes\u201d, una moratoria para peque\u00f1as y medianas empresas que est\u00e1n en riesgo de cierre con el objetivo de reactivar al sector.<\/p>\n<p class=\"basic-paragraph\">En su discurso, Kicillof dej\u00f3 en claro cu\u00e1l es el modelo de pa\u00eds que orienta sus pol\u00edticas, la defensa de las y los trabajadores bonaerenses, los sectores populares, los ni\u00f1os y las ni\u00f1as, las mujeres, los sectores vulnerables. Ni m\u00e1s ni menos que la contracara de lo que fueron las pol\u00edticas neoliberales impulsadas por Macri y Vidal a partir de 2015.<\/p>\n<\/div>\n","protected":false},"excerpt":{"rendered":"<p>El Gobernador Axel Kicillof inaugur\u00f3 este 2 de marzo la 148 apertura de las sesiones ordinarias de la Legislatura de la Provincia de Buenos Aires. En su discurso detall\u00f3 el estado en el que recibi\u00f3 la provincia de manos de Vidal, la deuda hist\u00f3rica que contrajo, la cual dolariz\u00f3 y concentr\u00f3 en mercados financieros internacionales. [&hellip;]<\/p>\n","protected":false},"author":1,"featured_media":4375,"comment_status":"closed","ping_status":"closed","sticky":false,"template":"","format":"standard","meta":{"tdm_status":"","tdm_grid_status":"","footnotes":""},"categories":[4,39],"tags":[],"class_list":["post-4397","post","type-post","status-publish","format-standard","has-post-thumbnail","hentry","category-featured","category-nota-central"],"_links":{"self":[{"href":"https:\/\/pcce.com.ar\/pcce\/wp-json\/wp\/v2\/posts\/4397","targetHints":{"allow":["GET"]}}],"collection":[{"href":"https:\/\/pcce.com.ar\/pcce\/wp-json\/wp\/v2\/posts"}],"about":[{"href":"https:\/\/pcce.com.ar\/pcce\/wp-json\/wp\/v2\/types\/post"}],"author":[{"embeddable":true,"href":"https:\/\/pcce.com.ar\/pcce\/wp-json\/wp\/v2\/users\/1"}],"replies":[{"embeddable":true,"href":"https:\/\/pcce.com.ar\/pcce\/wp-json\/wp\/v2\/comments?post=4397"}],"version-history":[{"count":0,"href":"https:\/\/pcce.com.ar\/pcce\/wp-json\/wp\/v2\/posts\/4397\/revisions"}],"wp:featuredmedia":[{"embeddable":true,"href":"https:\/\/pcce.com.ar\/pcce\/wp-json\/wp\/v2\/media\/4375"}],"wp:attachment":[{"href":"https:\/\/pcce.com.ar\/pcce\/wp-json\/wp\/v2\/media?parent=4397"}],"wp:term":[{"taxonomy":"category","embeddable":true,"href":"https:\/\/pcce.com.ar\/pcce\/wp-json\/wp\/v2\/categories?post=4397"},{"taxonomy":"post_tag","embeddable":true,"href":"https:\/\/pcce.com.ar\/pcce\/wp-json\/wp\/v2\/tags?post=4397"}],"curies":[{"name":"wp","href":"https:\/\/api.w.org\/{rel}","templated":true}]}}