{"id":4426,"date":"2020-03-18T21:52:38","date_gmt":"2020-03-19T00:52:38","guid":{"rendered":"https:\/\/pcce.com.ar\/pcce\/?p=4426"},"modified":"2020-03-18T21:52:38","modified_gmt":"2020-03-19T00:52:38","slug":"por-los-derechos-de-la-mujer-trabajadora-en-tucuman-movilizamos","status":"publish","type":"post","link":"https:\/\/pcce.com.ar\/pcce\/2020\/03\/18\/por-los-derechos-de-la-mujer-trabajadora-en-tucuman-movilizamos\/","title":{"rendered":"POR LOS DERECHOS DE LA MUJER TRABAJADORA: En Tucum\u00e1n movilizamos"},"content":{"rendered":"<p>El 9 de marzo un nutrido grupo de compa\u00f1eras del PCCE de Tucum\u00e1n se movilizaron, junto a los sectores que conforman el Frente de Todos en dicha provincia, con motivo del D\u00eda internacional de la Mujer Trabajadora, por el Ni Una Menos, el derecho al Aborto Seguro Legal y Gratuito y todos los derechos a conquistar de mujeres y disidencias. Con sus remeras rojas, su pa\u00f1uelo verde y sus pu\u00f1os en alto dieron testimonio de un Partido que se afirma con identidad y esp\u00edritu de lucha en la realidad de la provincia.<\/p>\n","protected":false},"excerpt":{"rendered":"<p>El 9 de marzo un nutrido grupo de compa\u00f1eras del PCCE de Tucum\u00e1n se movilizaron, junto a los sectores que conforman el Frente de Todos en dicha provincia, con motivo del D\u00eda internacional de la Mujer Trabajadora, por el Ni Una Menos, el derecho al Aborto Seguro Legal y Gratuito y todos los derechos a [&hellip;]<\/p>\n","protected":false},"author":1,"featured_media":4415,"comment_status":"closed","ping_status":"closed","sticky":false,"template":"","format":"standard","meta":{"tdm_status":"","tdm_grid_status":"","footnotes":""},"categories":[9],"tags":[],"class_list":["post-4426","post","type-post","status-publish","format-standard","has-post-thumbnail","hentry","category-vidadepartido"],"_links":{"self":[{"href":"https:\/\/pcce.com.ar\/pcce\/wp-json\/wp\/v2\/posts\/4426","targetHints":{"allow":["GET"]}}],"collection":[{"href":"https:\/\/pcce.com.ar\/pcce\/wp-json\/wp\/v2\/posts"}],"about":[{"href":"https:\/\/pcce.com.ar\/pcce\/wp-json\/wp\/v2\/types\/post"}],"author":[{"embeddable":true,"href":"https:\/\/pcce.com.ar\/pcce\/wp-json\/wp\/v2\/users\/1"}],"replies":[{"embeddable":true,"href":"https:\/\/pcce.com.ar\/pcce\/wp-json\/wp\/v2\/comments?post=4426"}],"version-history":[{"count":0,"href":"https:\/\/pcce.com.ar\/pcce\/wp-json\/wp\/v2\/posts\/4426\/revisions"}],"wp:featuredmedia":[{"embeddable":true,"href":"https:\/\/pcce.com.ar\/pcce\/wp-json\/wp\/v2\/media\/4415"}],"wp:attachment":[{"href":"https:\/\/pcce.com.ar\/pcce\/wp-json\/wp\/v2\/media?parent=4426"}],"wp:term":[{"taxonomy":"category","embeddable":true,"href":"https:\/\/pcce.com.ar\/pcce\/wp-json\/wp\/v2\/categories?post=4426"},{"taxonomy":"post_tag","embeddable":true,"href":"https:\/\/pcce.com.ar\/pcce\/wp-json\/wp\/v2\/tags?post=4426"}],"curies":[{"name":"wp","href":"https:\/\/api.w.org\/{rel}","templated":true}]}}