{"id":4429,"date":"2020-03-18T21:55:23","date_gmt":"2020-03-19T00:55:23","guid":{"rendered":"https:\/\/pcce.com.ar\/pcce\/?p=4429"},"modified":"2020-03-18T21:55:23","modified_gmt":"2020-03-19T00:55:23","slug":"general-rodriguez-barrio-rene-favaloro","status":"publish","type":"post","link":"https:\/\/pcce.com.ar\/pcce\/2020\/03\/18\/general-rodriguez-barrio-rene-favaloro\/","title":{"rendered":"GENERAL RODR\u00cdGUEZ: Barrio Ren\u00e9 Favaloro"},"content":{"rendered":"<p>El pasado 7 de marzo organizamos una reuni\u00f3n con m\u00e1s de 50 vecinos junto al intendente Mauro Garc\u00eda. El motivo del encuentro fue la creaci\u00f3n del Barrio N\u00b0 79 de Rodr\u00edguez, el \u201cRen\u00e9 Favaloro\u201d. Esta reivindicaci\u00f3n, que involucra a m\u00e1s de 300 vecinos, la tom\u00f3 y canaliz\u00f3 nuestro camarada Fernando Vera, flamante concejal del Partido en el distrito. El primer paso, ya en camino, es la regulaci\u00f3n dominial, para que todas las familias del \u201cRen\u00e9 Favaloro\u201d tengan los derechos de h\u00e1bitat que corresponden. Entendemos que nuestro rol como militantes del Frente de Todos y como comunistas no solamente es canalizar y resolver las problem\u00e1ticas y reivindicaciones sentidas del pueblo, sino tambi\u00e9n dar la discusi\u00f3n pol\u00edtica en ese proceso. Explicar que las conquistas que tuvimos durante 12 a\u00f1os de proyecto nacional y popular y las que podamos tener ahora son producto de la lucha pol\u00edtica. Y tambi\u00e9n que lo que retrocedimos durante el gobierno de Macri y Vidal es producto del modelo neoliberal. As\u00ed, trabajando con los problemas concretos del pueblo, luchamos para organizar a las masas y elevar el nivel de conciencia popular para avanzar en las transformaciones que nuestra Patria necesita.<\/p>\n","protected":false},"excerpt":{"rendered":"<p>El pasado 7 de marzo organizamos una reuni\u00f3n con m\u00e1s de 50 vecinos junto al intendente Mauro Garc\u00eda. El motivo del encuentro fue la creaci\u00f3n del Barrio N\u00b0 79 de Rodr\u00edguez, el \u201cRen\u00e9 Favaloro\u201d. Esta reivindicaci\u00f3n, que involucra a m\u00e1s de 300 vecinos, la tom\u00f3 y canaliz\u00f3 nuestro camarada Fernando Vera, flamante concejal del Partido [&hellip;]<\/p>\n","protected":false},"author":1,"featured_media":4413,"comment_status":"closed","ping_status":"closed","sticky":false,"template":"","format":"standard","meta":{"tdm_status":"","tdm_grid_status":"","footnotes":""},"categories":[9],"tags":[],"class_list":["post-4429","post","type-post","status-publish","format-standard","has-post-thumbnail","hentry","category-vidadepartido"],"_links":{"self":[{"href":"https:\/\/pcce.com.ar\/pcce\/wp-json\/wp\/v2\/posts\/4429","targetHints":{"allow":["GET"]}}],"collection":[{"href":"https:\/\/pcce.com.ar\/pcce\/wp-json\/wp\/v2\/posts"}],"about":[{"href":"https:\/\/pcce.com.ar\/pcce\/wp-json\/wp\/v2\/types\/post"}],"author":[{"embeddable":true,"href":"https:\/\/pcce.com.ar\/pcce\/wp-json\/wp\/v2\/users\/1"}],"replies":[{"embeddable":true,"href":"https:\/\/pcce.com.ar\/pcce\/wp-json\/wp\/v2\/comments?post=4429"}],"version-history":[{"count":0,"href":"https:\/\/pcce.com.ar\/pcce\/wp-json\/wp\/v2\/posts\/4429\/revisions"}],"wp:featuredmedia":[{"embeddable":true,"href":"https:\/\/pcce.com.ar\/pcce\/wp-json\/wp\/v2\/media\/4413"}],"wp:attachment":[{"href":"https:\/\/pcce.com.ar\/pcce\/wp-json\/wp\/v2\/media?parent=4429"}],"wp:term":[{"taxonomy":"category","embeddable":true,"href":"https:\/\/pcce.com.ar\/pcce\/wp-json\/wp\/v2\/categories?post=4429"},{"taxonomy":"post_tag","embeddable":true,"href":"https:\/\/pcce.com.ar\/pcce\/wp-json\/wp\/v2\/tags?post=4429"}],"curies":[{"name":"wp","href":"https:\/\/api.w.org\/{rel}","templated":true}]}}