{"id":4433,"date":"2020-03-18T21:58:20","date_gmt":"2020-03-19T00:58:20","guid":{"rendered":"https:\/\/pcce.com.ar\/pcce\/?p=4433"},"modified":"2020-03-18T21:58:20","modified_gmt":"2020-03-19T00:58:20","slug":"dia-internacional-de-la-mujer-trabajadora-vivas-libres-e-iguales-nos-queremos","status":"publish","type":"post","link":"https:\/\/pcce.com.ar\/pcce\/2020\/03\/18\/dia-internacional-de-la-mujer-trabajadora-vivas-libres-e-iguales-nos-queremos\/","title":{"rendered":"D\u00cdA INTERNACIONAL DE LA MUJER TRABAJADORA: Vivas, libres e iguales nos queremos"},"content":{"rendered":"<h2>Las camaradas del PCCE participamos de las principales concentraciones en el marco del 8 de marzo, conmemorando m\u00e1s de un siglo de lucha por los derechos y la doble explotaci\u00f3n que sufrimos. Explotaci\u00f3n por ser trabajadorxs y explotaci\u00f3n por ser mujeres y diversidades.<\/h2>\n<p class=\"capitular-texto-gral\">El 8 de marzo en la Plaza San Mart\u00edn de La Plata junto a Estela D\u00edaz, Ministra de la Mujer y Diversidad de la Provincia de Bs. As., el gobernador Axel Kicillof, Madres y Abuelas, y compa\u00f1eras diputadas, senadoras e intendentas como Mayra Mendoza. Y el lunes 9 en el marco del Paro y Marcha a Congreso de La Naci\u00f3n. Desde temprano nos fuimos reuniendo con camaradas de los distintos regionales, para preparar banderas, pancartas, la batucada y materiales y llegamos a un Congreso colmado en el que no paramos de agitar y militar.<\/p>\n<p class=\"texto-general\">La situaci\u00f3n de tierra arrasada que dej\u00f3 Macri y Vidal, materializada en la explotaci\u00f3n y desigualdad econ\u00f3mica, la creciente violencia institucional y en el \u00e1mbito de la familia, y la resistencia por parte de la Iglesia y otros sectores del poder para hacer legal el aborto, son reivindicaciones que consideramos propias e inseparables de la lucha por una democracia real, un pa\u00eds m\u00e1s justo, desendeudado, soberano e igualitario. Decimos que queremos igualdad y unidad porque divididxs nos quiere el neoliberalismo que nos mete el \u201cno se puede\u201d y \u201cs\u00e1lvese quien pueda\u201d desde el Golpe del 76.<\/p>\n<p class=\"texto-general\">Se plantea la necesidad urgente de hacer realidad la Ley de Aborto Seguro, Legal y Gratuito para detener las pr\u00e1cticas clandestinas que padecen las m\u00e1s humildes y trabajadoras. Sin embargo, somos conscientes que no da lo mismo plantearlo y luchar independientemente y al margen de los procesos pol\u00edticos que se libran. Tuvimos una presidenta que luch\u00f3 por muchos de esos derechos y hoy un presidente que impulsa los ministerios para abordar nuestras problem\u00e1ticas, el aborto legal y el plan 1000 d\u00edas para proteger a quienes deciden seguir adelante con los embarazos.<\/p>\n<p class=\"texto-general\">Si no hay recursos econ\u00f3micos, si hay un mal acuerdo con el FMI y los acreedores privados, no habr\u00e1 dinero para invertir en estas cuestiones y quedar\u00e1n en letra muerta. Por lo tanto tenemos que apoyar toda decisi\u00f3n pol\u00edtica en este sentido o marcar nuestras posturas en caso que esto vaya en otra direcci\u00f3n. Vivas, libres, iguales, desendeudadas y decidiendo nos queremos. Neoliberalismo nunca m\u00e1s. Libertad a Milagro Sala. Fuera FMI.<\/p>\n","protected":false},"excerpt":{"rendered":"<p>Las camaradas del PCCE participamos de las principales concentraciones en el marco del 8 de marzo, conmemorando m\u00e1s de un siglo de lucha por los derechos y la doble explotaci\u00f3n que sufrimos. Explotaci\u00f3n por ser trabajadorxs y explotaci\u00f3n por ser mujeres y diversidades. El 8 de marzo en la Plaza San Mart\u00edn de La Plata [&hellip;]<\/p>\n","protected":false},"author":1,"featured_media":4414,"comment_status":"closed","ping_status":"closed","sticky":false,"template":"","format":"standard","meta":{"tdm_status":"","tdm_grid_status":"","footnotes":""},"categories":[4,9],"tags":[],"class_list":["post-4433","post","type-post","status-publish","format-standard","has-post-thumbnail","hentry","category-featured","category-vidadepartido"],"_links":{"self":[{"href":"https:\/\/pcce.com.ar\/pcce\/wp-json\/wp\/v2\/posts\/4433","targetHints":{"allow":["GET"]}}],"collection":[{"href":"https:\/\/pcce.com.ar\/pcce\/wp-json\/wp\/v2\/posts"}],"about":[{"href":"https:\/\/pcce.com.ar\/pcce\/wp-json\/wp\/v2\/types\/post"}],"author":[{"embeddable":true,"href":"https:\/\/pcce.com.ar\/pcce\/wp-json\/wp\/v2\/users\/1"}],"replies":[{"embeddable":true,"href":"https:\/\/pcce.com.ar\/pcce\/wp-json\/wp\/v2\/comments?post=4433"}],"version-history":[{"count":0,"href":"https:\/\/pcce.com.ar\/pcce\/wp-json\/wp\/v2\/posts\/4433\/revisions"}],"wp:featuredmedia":[{"embeddable":true,"href":"https:\/\/pcce.com.ar\/pcce\/wp-json\/wp\/v2\/media\/4414"}],"wp:attachment":[{"href":"https:\/\/pcce.com.ar\/pcce\/wp-json\/wp\/v2\/media?parent=4433"}],"wp:term":[{"taxonomy":"category","embeddable":true,"href":"https:\/\/pcce.com.ar\/pcce\/wp-json\/wp\/v2\/categories?post=4433"},{"taxonomy":"post_tag","embeddable":true,"href":"https:\/\/pcce.com.ar\/pcce\/wp-json\/wp\/v2\/tags?post=4433"}],"curies":[{"name":"wp","href":"https:\/\/api.w.org\/{rel}","templated":true}]}}