{"id":4449,"date":"2020-04-01T12:15:16","date_gmt":"2020-04-01T15:15:16","guid":{"rendered":"https:\/\/pcce.com.ar\/pcce\/?p=4449"},"modified":"2020-04-01T12:18:42","modified_gmt":"2020-04-01T15:18:42","slug":"exigimos-inmediata-libertad-a-lxs-presxs-politicxs","status":"publish","type":"post","link":"https:\/\/pcce.com.ar\/pcce\/2020\/04\/01\/exigimos-inmediata-libertad-a-lxs-presxs-politicxs\/","title":{"rendered":"EXIGIMOS INMEDIATA LIBERTAD A LXS PRESXS POL\u00cdTICXS"},"content":{"rendered":"<h4>#Coronavirus<br \/>\nEXIGIMOS INMEDIATA LIBERTAD A LXS PRESXS POL\u00cdTICXS<\/h4>\n<p>Desde el Partido Comunista Congreso Extraordinario (PCCE) nos sumamos al reclamo por la inmediata libertad de todxs lxs presxs pol\u00edticxs, conociendo las aberrantes condiciones de detenci\u00f3n y los serios riesgos de contagio que existen por la pandemia del Coronavirus.<\/p>\n<p>El dispositivo de persecuci\u00f3n que inaugur\u00f3 el macrismo a trav\u00e9s de la mesa judicial sigue vigente, en el marco de una estrategia continental para perseguir opositorxs al neoliberalismo, se llama Lawfare.<\/p>\n<p>Las causas son escandalosas: testigxs compradxs, peritajes manipulados y pruebas sin sustento alguno, con una evidente parcialidad del Poder Judicial. <strong>Sin sentencias firmes no existe motivo para que est\u00e9n privadxs de su libertad; sabiendo adem\u00e1s, que muchxs de ellxs forman parte de la llamada \u00abpoblaci\u00f3n de riesgo\u00bb.<\/strong><\/p>\n<p>La propia Bachelet en Ginebra llam\u00f3 \u00aba poner en libertad a todos los reclusos detenidos sin motivos jur\u00eddicos suficientes, entre otros a los presos pol\u00edticos\u00bb, en su car\u00e1cter de Alta Comisionada de las Naciones Unidas para los Derechos Humanos.<\/p>\n<p>Exigimos que se adopten medidas urgentes para que puedan atravesar la cuarentena en sus hogares y de esta manera salvaguardar su salud, como tambi\u00e9n la inmediata revisi\u00f3n de causas y el accionar de los jueces que las instruyeron, en resguardo de todas las garant\u00edas constitucionales.<\/p>\n<p>\u00a1La Corte Suprema debe responder!<\/p>\n<p>PARTIDO COMUNISTA CONGRESO EXTRAORDINARIO<\/p>\n<p>#PCCE<br \/>\n#IzquierdaEnTodxs<br \/>\n#NuncaM\u00e1sLawfare<\/p>\n<p>&#x2709;&#xfe0f; prensa.pcce@gmail.com<br \/>\n&#x1f4f2; 1169233544<br \/>\n&#x1f30e; www.pcce.com.ar<\/p>\n","protected":false},"excerpt":{"rendered":"<p>#Coronavirus EXIGIMOS INMEDIATA LIBERTAD A LXS PRESXS POL\u00cdTICXS Desde el Partido Comunista Congreso Extraordinario (PCCE) nos sumamos al reclamo por la inmediata libertad de todxs lxs presxs pol\u00edticxs, conociendo las aberrantes condiciones de detenci\u00f3n y los serios riesgos de contagio que existen por la pandemia del Coronavirus. El dispositivo de persecuci\u00f3n que inaugur\u00f3 el macrismo [&hellip;]<\/p>\n","protected":false},"author":1,"featured_media":4451,"comment_status":"closed","ping_status":"closed","sticky":false,"template":"","format":"standard","meta":{"tdm_status":"","tdm_grid_status":"","footnotes":""},"categories":[22,4],"tags":[],"class_list":["post-4449","post","type-post","status-publish","format-standard","has-post-thumbnail","hentry","category-comunicado","category-featured"],"_links":{"self":[{"href":"https:\/\/pcce.com.ar\/pcce\/wp-json\/wp\/v2\/posts\/4449","targetHints":{"allow":["GET"]}}],"collection":[{"href":"https:\/\/pcce.com.ar\/pcce\/wp-json\/wp\/v2\/posts"}],"about":[{"href":"https:\/\/pcce.com.ar\/pcce\/wp-json\/wp\/v2\/types\/post"}],"author":[{"embeddable":true,"href":"https:\/\/pcce.com.ar\/pcce\/wp-json\/wp\/v2\/users\/1"}],"replies":[{"embeddable":true,"href":"https:\/\/pcce.com.ar\/pcce\/wp-json\/wp\/v2\/comments?post=4449"}],"version-history":[{"count":0,"href":"https:\/\/pcce.com.ar\/pcce\/wp-json\/wp\/v2\/posts\/4449\/revisions"}],"wp:featuredmedia":[{"embeddable":true,"href":"https:\/\/pcce.com.ar\/pcce\/wp-json\/wp\/v2\/media\/4451"}],"wp:attachment":[{"href":"https:\/\/pcce.com.ar\/pcce\/wp-json\/wp\/v2\/media?parent=4449"}],"wp:term":[{"taxonomy":"category","embeddable":true,"href":"https:\/\/pcce.com.ar\/pcce\/wp-json\/wp\/v2\/categories?post=4449"},{"taxonomy":"post_tag","embeddable":true,"href":"https:\/\/pcce.com.ar\/pcce\/wp-json\/wp\/v2\/tags?post=4449"}],"curies":[{"name":"wp","href":"https:\/\/api.w.org\/{rel}","templated":true}]}}