{"id":4517,"date":"2020-04-16T12:31:30","date_gmt":"2020-04-16T15:31:30","guid":{"rendered":"https:\/\/pcce.com.ar\/pcce\/?p=4517"},"modified":"2020-04-16T12:31:39","modified_gmt":"2020-04-16T15:31:39","slug":"contra-la-pandemia-y-las-consecuencias-del-neoliberalismo-solidaridad-y-responsabilidad","status":"publish","type":"post","link":"https:\/\/pcce.com.ar\/pcce\/2020\/04\/16\/contra-la-pandemia-y-las-consecuencias-del-neoliberalismo-solidaridad-y-responsabilidad\/","title":{"rendered":"CONTRA LA PANDEMIA Y LAS CONSECUENCIAS DEL NEOLIBERALISMO: Solidaridad y responsabilidad"},"content":{"rendered":"<div class=\"story\">\n<h1 class=\"copete-general\">Ante la coyuntura actual de aislamiento, los distintos regionales del Partido se mantienen activos ante las principales urgencias de nuestro pueblo.<\/h1>\n<\/div>\n<div class=\"story\">\n<p class=\"capitular-texto-gral\">En distintas provincias y ciudades los y las camaradas se pusieron al frente de las principales urgencias con campa\u00f1as solidarias de asistencia a comedores y hospitales, como as\u00ed tambi\u00e9n colaborando en la inscripci\u00f3n al Ingreso Familiar de Emergencia (IFE) lanzado por el Gobierno Nacional.<\/p>\n<p class=\"texto-general\">Por el lado de la provincia de Buenos Aires, en General Rodr\u00edguez los camaradas contribuyeron en el armado de bolsones de mercader\u00eda con alimentos para los sectores m\u00e1s vulnerables en un trabajo conjunto con el Ministerio de Desarrollo Social y el Servicio Alimentario Escolar. Adem\u00e1s, se mantiene el trabajo permanente en el equipamiento b\u00e1sico del complejo hospitalario de emergencia de la ciudad por parte del concejal y compa\u00f1ero Fernando Vera, junto al Intendente Mauro Garc\u00eda y los concejales.<\/p>\n<p class=\"texto-general\">En la zona norte del Gran Buenos Aires se trabaj\u00f3 en una importante campa\u00f1a solidaria donde se juntaron donaciones de alimentos y materiales de limpieza para el Barrio Villa Jard\u00edn ubicado entre San Fernando y San Isidro. All\u00ed la urgencia es tal que se comenzaron las tratativas para mantener este trabajo por medio de un merendero para asegurar una cuota m\u00ednima de alimentaci\u00f3n a quien lo necesite.<\/p>\n<p class=\"texto-general\">En Tres de Febrero tambi\u00e9n se milit\u00f3 en esta l\u00ednea. En los barrios Derqui, Evita y Ciudadela se organiz\u00f3 junto otros compa\u00f1eros del Frente de Todos un trabajo en red de recolecci\u00f3n y donaci\u00f3n de alimentos y elementos de primera necesidad, donde nuestro Partido se encarga de la asistencia a un comedor con m\u00e1s de 40 chicos.<\/p>\n<p class=\"texto-general\">En Santa Mar\u00eda de Punilla, C\u00f3rdoba, a partir de una propuesta de las compa\u00f1eras de la comisi\u00f3n de g\u00e9nero del FdT se confeccionaron barbijos y batas para la comunidad, pero fundamentalmente para hacerlos llegar al Hospital Funes, con quien se trabaja codo a codo. Al mismo tiempo, fue necesario salir con una serie de comunicados alertando y denunciando a la municipalidad por no informar de manera adecuada y accesible para toda la comunidad, como tampoco por tomar las medidas de prevenci\u00f3n que Naci\u00f3n establece.<\/p>\n<p class=\"texto-general\">En los distintos departamentos y centros urbanos de Santa Fe y Entre R\u00edos tambi\u00e9n se realiza un trabajo de concientizaci\u00f3n, y para ello se confeccionaron una serie de videos, audios y materiales gr\u00e1ficos de difusi\u00f3n de los m\u00e9todos de prevenci\u00f3n para evitar los riesgos que la pandemia presenta. En simult\u00e1neo, se realiz\u00f3 un aporte en la inscripci\u00f3n para el IFE por medio de la web de la ANSES. All\u00ed los camaradas estuvieron a entera disposici\u00f3n tanto en la anotaci\u00f3n como en la atenci\u00f3n y derivaci\u00f3n de reclamos a quienes carecen de las herramientas tecnol\u00f3gicas para hacerlo. Como en el resto de las provincias, en Santa Fe tambi\u00e9n se destin\u00f3 parte del trabajo territorial a la asistencia de los distintos comedores y merenderos con los que contamos.<\/p>\n<p class=\"texto-general\">Hasta aqu\u00ed s\u00f3lo algunas de las iniciativas que el Partido protagoniz\u00f3 en algunos puntos del pa\u00eds, fundamentalmente destinadas a enfrentar la pandemia y a lo que el neoliberalismo nos dej\u00f3.<\/p>\n<\/div>\n","protected":false},"excerpt":{"rendered":"<p>Ante la coyuntura actual de aislamiento, los distintos regionales del Partido se mantienen activos ante las principales urgencias de nuestro pueblo. En distintas provincias y ciudades los y las camaradas se pusieron al frente de las principales urgencias con campa\u00f1as solidarias de asistencia a comedores y hospitales, como as\u00ed tambi\u00e9n colaborando en la inscripci\u00f3n al [&hellip;]<\/p>\n","protected":false},"author":1,"featured_media":4502,"comment_status":"closed","ping_status":"closed","sticky":false,"template":"","format":"standard","meta":{"tdm_status":"","tdm_grid_status":"","footnotes":""},"categories":[4,9],"tags":[],"class_list":["post-4517","post","type-post","status-publish","format-standard","has-post-thumbnail","hentry","category-featured","category-vidadepartido"],"_links":{"self":[{"href":"https:\/\/pcce.com.ar\/pcce\/wp-json\/wp\/v2\/posts\/4517","targetHints":{"allow":["GET"]}}],"collection":[{"href":"https:\/\/pcce.com.ar\/pcce\/wp-json\/wp\/v2\/posts"}],"about":[{"href":"https:\/\/pcce.com.ar\/pcce\/wp-json\/wp\/v2\/types\/post"}],"author":[{"embeddable":true,"href":"https:\/\/pcce.com.ar\/pcce\/wp-json\/wp\/v2\/users\/1"}],"replies":[{"embeddable":true,"href":"https:\/\/pcce.com.ar\/pcce\/wp-json\/wp\/v2\/comments?post=4517"}],"version-history":[{"count":0,"href":"https:\/\/pcce.com.ar\/pcce\/wp-json\/wp\/v2\/posts\/4517\/revisions"}],"wp:featuredmedia":[{"embeddable":true,"href":"https:\/\/pcce.com.ar\/pcce\/wp-json\/wp\/v2\/media\/4502"}],"wp:attachment":[{"href":"https:\/\/pcce.com.ar\/pcce\/wp-json\/wp\/v2\/media?parent=4517"}],"wp:term":[{"taxonomy":"category","embeddable":true,"href":"https:\/\/pcce.com.ar\/pcce\/wp-json\/wp\/v2\/categories?post=4517"},{"taxonomy":"post_tag","embeddable":true,"href":"https:\/\/pcce.com.ar\/pcce\/wp-json\/wp\/v2\/tags?post=4517"}],"curies":[{"name":"wp","href":"https:\/\/api.w.org\/{rel}","templated":true}]}}