{"id":4520,"date":"2020-04-16T12:32:57","date_gmt":"2020-04-16T15:32:57","guid":{"rendered":"https:\/\/pcce.com.ar\/pcce\/?p=4520"},"modified":"2020-04-16T13:05:37","modified_gmt":"2020-04-16T16:05:37","slug":"por-un-impuesto-a-las-grandes-fortunas-distribucion-de-la-renta-un-debate-necesario","status":"publish","type":"post","link":"https:\/\/pcce.com.ar\/pcce\/2020\/04\/16\/por-un-impuesto-a-las-grandes-fortunas-distribucion-de-la-renta-un-debate-necesario\/","title":{"rendered":"POR UN IMPUESTO A LAS GRANDES FORTUNAS &#8211; Distribuci\u00f3n de la renta: un debate necesario"},"content":{"rendered":"<div class=\"story\">\n<h1 class=\"copete-general\">El COVID-19 abri\u00f3 el debate sobre la concentraci\u00f3n y distribuci\u00f3n de la riqueza. Desde el oficialismo se intenta avanzar en un proyecto de ley para la aplicaci\u00f3n de un impuesto a las grandes fortunas.<\/h1>\n<\/div>\n<div class=\"story\">\n<p class=\"capitular-texto-gral\">En el n\u00famero anterior de Nuestra Palabra, hac\u00edamos referencia a que el COVID 19 puso en evidencia las contradicciones existentes entre humanidad e imperialismo. Al respecto, describimos c\u00f3mo abordaron la propagaci\u00f3n de la pandemia los pa\u00edses con fuerte contenido antineoliberal, donde el eje principal fue el cuidado y preservaci\u00f3n de la sociedad, frente a los gobiernos neoliberales, cuyo desprecio por la vida humana mostr\u00f3 su lado m\u00e1s cruel y oscuro.<\/p>\n<p class=\"texto-general\">En nuestro pa\u00eds, la r\u00e1pida respuesta del gobierno encabezado por Alberto y Cristina posibilit\u00f3 que los efectos del coronavirus sean menos dr\u00e1sticos. Se planificaron medidas sanitarias que se coordinaron con todos los gobiernos provinciales y municipales. Por otra parte, se lanzaron una bater\u00eda de medidas para paliar las consecuencias econ\u00f3micas de la cuarentena. Es importante no perder de vista que nuestro pa\u00eds ya atravesaba serias dificultades por la aplicaci\u00f3n del modelo neoliberal de la mano del macrismo. Frente a esto, las expresiones de la derecha y los representantes de los intereses imperialistas no se hicieron esperar. Dec\u00edamos en nuestro n\u00famero anterior que la escalada en los precios, la decisi\u00f3n de Techint de despedir a 1450 trabajadores y el cacerolazo posterior es parte de un mismo juego de pinzas. De ah\u00ed la presi\u00f3n del poder real y los grupos concentrados de la econom\u00eda para que se levante el aislamiento preventivo.<\/p>\n<p class=\"texto-general\">Frente a la criminal especulaci\u00f3n con los precios, se busc\u00f3 dar poder a los intendentes para que tengan la facultad de controlar y sancionar a las cadenas de supermercados que no respeten los precios establecidos. Por otro lado, las empresas amenazan con despidos o recorte de los sueldos de los trabajadorxs. Estas medidas ponen de manifiesto que el poder real y sus socios no van a ceder en sus ganancias, ni siquiera frente a una crisis que no tiene antecedentes en la historia moderna.<\/p>\n<p class=\"texto-general\">La expansi\u00f3n del COVID-19 renueva la discusi\u00f3n sobre la distribuci\u00f3n de la renta en nuestro pa\u00eds. Seg\u00fan la revista Forbes, 50 personas concentran en la Argentina U$D 70.000 millones, que representa el 20% del PBI del pa\u00eds. La AFIP descubri\u00f3 en 950 cuentas en el exterior (sin declarar) unos 2.600 millones de d\u00f3lares. 50 millones de d\u00f3lares fue lo que se evadi\u00f3 solo en impuestos por bienes personales. Con ese dinero el Estado podr\u00eda haber comprado 5000 respiradores.<\/p>\n<p class=\"texto-general\">En los \u00faltimos d\u00edas se conoci\u00f3 que el bloque del Frente de Todos, impulsado por el diputado M\u00e1ximo Kirchner, presentar\u00eda un proyecto de ley en la C\u00e1mara, cuyo objetivo es la aplicaci\u00f3n de un impuesto extraordinario a los grandes patrimonios, los cuales se encuentran concentrados en un peque\u00f1o porcentaje de la poblaci\u00f3n. Se estima que la iniciativa comience su recorrido parlamentario la semana entrante. Los voceros de la derecha y representantes del capital financiero trasnacional no se hicieron esperar. El diario La Naci\u00f3n en su editorial del domingo 12 de abril, describi\u00f3 \u201cfundadas razones\u201d de la inviabilidad de esta propuesta. El escenario actual puso en debate la distribuci\u00f3n de la renta mundial y local, dejando en evidencia lo perverso de un modelo econ\u00f3mico basado en la especulaci\u00f3n financiera.<\/p>\n<\/div>\n","protected":false},"excerpt":{"rendered":"<p>El COVID-19 abri\u00f3 el debate sobre la concentraci\u00f3n y distribuci\u00f3n de la riqueza. Desde el oficialismo se intenta avanzar en un proyecto de ley para la aplicaci\u00f3n de un impuesto a las grandes fortunas. En el n\u00famero anterior de Nuestra Palabra, hac\u00edamos referencia a que el COVID 19 puso en evidencia las contradicciones existentes entre [&hellip;]<\/p>\n","protected":false},"author":1,"featured_media":4498,"comment_status":"closed","ping_status":"closed","sticky":false,"template":"","format":"standard","meta":{"tdm_status":"","tdm_grid_status":"","footnotes":""},"categories":[4,19],"tags":[],"class_list":["post-4520","post","type-post","status-publish","format-standard","has-post-thumbnail","hentry","category-featured","category-pagina2"],"_links":{"self":[{"href":"https:\/\/pcce.com.ar\/pcce\/wp-json\/wp\/v2\/posts\/4520","targetHints":{"allow":["GET"]}}],"collection":[{"href":"https:\/\/pcce.com.ar\/pcce\/wp-json\/wp\/v2\/posts"}],"about":[{"href":"https:\/\/pcce.com.ar\/pcce\/wp-json\/wp\/v2\/types\/post"}],"author":[{"embeddable":true,"href":"https:\/\/pcce.com.ar\/pcce\/wp-json\/wp\/v2\/users\/1"}],"replies":[{"embeddable":true,"href":"https:\/\/pcce.com.ar\/pcce\/wp-json\/wp\/v2\/comments?post=4520"}],"version-history":[{"count":0,"href":"https:\/\/pcce.com.ar\/pcce\/wp-json\/wp\/v2\/posts\/4520\/revisions"}],"wp:featuredmedia":[{"embeddable":true,"href":"https:\/\/pcce.com.ar\/pcce\/wp-json\/wp\/v2\/media\/4498"}],"wp:attachment":[{"href":"https:\/\/pcce.com.ar\/pcce\/wp-json\/wp\/v2\/media?parent=4520"}],"wp:term":[{"taxonomy":"category","embeddable":true,"href":"https:\/\/pcce.com.ar\/pcce\/wp-json\/wp\/v2\/categories?post=4520"},{"taxonomy":"post_tag","embeddable":true,"href":"https:\/\/pcce.com.ar\/pcce\/wp-json\/wp\/v2\/tags?post=4520"}],"curies":[{"name":"wp","href":"https:\/\/api.w.org\/{rel}","templated":true}]}}