{"id":4630,"date":"2020-04-30T23:50:50","date_gmt":"2020-05-01T02:50:50","guid":{"rendered":"https:\/\/pcce.com.ar\/pcce\/?p=4630"},"modified":"2020-04-30T23:50:50","modified_gmt":"2020-05-01T02:50:50","slug":"caba-emergencia-economica-ajuste","status":"publish","type":"post","link":"https:\/\/pcce.com.ar\/pcce\/2020\/04\/30\/caba-emergencia-economica-ajuste\/","title":{"rendered":"CABA: Emergencia econ\u00f3mica = Ajuste"},"content":{"rendered":"<p>En el marco de la pandemia, el Gobierno de la Ciudad Aut\u00f3noma de Buenos Aires encabezado por Larreta propone una Ley de Emergencia Econ\u00f3mica en la que se otorgar\u00edan mayores atribuciones al Poder Ejecutivo, para que pueda tener las facultades de pagar los salarios de lxs trabajadores en cuotas, despedir y evitar el control sobre partidas presupuestarias. Lxs docentes del PCCE nos oponemos a que seamos todxs los trabajadores que dependemos del GCBA el factor de ajuste, mientras que los socios de Macri y Larreta se benefician con los sobreprecios en insumos hospitalarios y se niegan a tratar el impuesto a la riqueza propuesto a nivel nacional. Una vez m\u00e1s, en el distrito m\u00e1s rico del pa\u00eds, el neoliberalismo porte\u00f1o arremete contra los trabajadores.<\/p>\n","protected":false},"excerpt":{"rendered":"<p>En el marco de la pandemia, el Gobierno de la Ciudad Aut\u00f3noma de Buenos Aires encabezado por Larreta propone una Ley de Emergencia Econ\u00f3mica en la que se otorgar\u00edan mayores atribuciones al Poder Ejecutivo, para que pueda tener las facultades de pagar los salarios de lxs trabajadores en cuotas, despedir y evitar el control sobre [&hellip;]<\/p>\n","protected":false},"author":1,"featured_media":4631,"comment_status":"closed","ping_status":"closed","sticky":false,"template":"","format":"standard","meta":{"tdm_status":"","tdm_grid_status":"","footnotes":""},"categories":[37,9],"tags":[],"class_list":["post-4630","post","type-post","status-publish","format-standard","has-post-thumbnail","hentry","category-estudiantil","category-vidadepartido"],"_links":{"self":[{"href":"https:\/\/pcce.com.ar\/pcce\/wp-json\/wp\/v2\/posts\/4630","targetHints":{"allow":["GET"]}}],"collection":[{"href":"https:\/\/pcce.com.ar\/pcce\/wp-json\/wp\/v2\/posts"}],"about":[{"href":"https:\/\/pcce.com.ar\/pcce\/wp-json\/wp\/v2\/types\/post"}],"author":[{"embeddable":true,"href":"https:\/\/pcce.com.ar\/pcce\/wp-json\/wp\/v2\/users\/1"}],"replies":[{"embeddable":true,"href":"https:\/\/pcce.com.ar\/pcce\/wp-json\/wp\/v2\/comments?post=4630"}],"version-history":[{"count":0,"href":"https:\/\/pcce.com.ar\/pcce\/wp-json\/wp\/v2\/posts\/4630\/revisions"}],"wp:featuredmedia":[{"embeddable":true,"href":"https:\/\/pcce.com.ar\/pcce\/wp-json\/wp\/v2\/media\/4631"}],"wp:attachment":[{"href":"https:\/\/pcce.com.ar\/pcce\/wp-json\/wp\/v2\/media?parent=4630"}],"wp:term":[{"taxonomy":"category","embeddable":true,"href":"https:\/\/pcce.com.ar\/pcce\/wp-json\/wp\/v2\/categories?post=4630"},{"taxonomy":"post_tag","embeddable":true,"href":"https:\/\/pcce.com.ar\/pcce\/wp-json\/wp\/v2\/tags?post=4630"}],"curies":[{"name":"wp","href":"https:\/\/api.w.org\/{rel}","templated":true}]}}