{"id":4675,"date":"2020-05-14T11:44:47","date_gmt":"2020-05-14T14:44:47","guid":{"rendered":"https:\/\/pcce.com.ar\/pcce\/?p=4675"},"modified":"2020-05-14T11:44:47","modified_gmt":"2020-05-14T14:44:47","slug":"reunion-virtual-del-gt-del-foro-de-sao-paulo-unidad-y-solidaridad-antimperialista","status":"publish","type":"post","link":"https:\/\/pcce.com.ar\/pcce\/2020\/05\/14\/reunion-virtual-del-gt-del-foro-de-sao-paulo-unidad-y-solidaridad-antimperialista\/","title":{"rendered":"REUNI\u00d3N VIRTUAL DEL GT DEL FORO DE SAO PAULO: Unidad y solidaridad antimperialista"},"content":{"rendered":"<p>El pasado 8 de mayo se realiz\u00f3, mediante videoconferencia, la primera reuni\u00f3n anual del Grupo de Trabajo del Foro de Sao Paulo. Con la participaci\u00f3n de m\u00e1s de 45 representantes de las principales fuerzas pol\u00edticas de nuestro continente, se abord\u00f3 la compleja e in\u00e9dita coyuntura actual, dominada por el impacto global del COVID-19. Queremos destacar que particip\u00f3 en representaci\u00f3n de nuestro Partido el camarada Ezequiel D\u2019Adamo, miembro del Secretariado Nacional. Durante m\u00e1s de 4 horas se sucedieron las intervenciones, que result\u00f3 en la elaboraci\u00f3n de la declaraci\u00f3n titulada \u201cUnidad y solidaridad antimperialista ante la pandemia\u201d (https:\/\/forodesaopaulo.org\/unidad-y-solidaridad-antimperialista-ante-la-pandemia-declaracion-de-la-reunion-virtual-grupo-de-trabajo-del-foro-de-sao-paulo-8-de-mayo-de-2020\/). La reuni\u00f3n sesion\u00f3 en homenaje al revolucionario nicarag\u00fcense Jacinto Su\u00e1rez, recientemente fallecido.<\/p>\n","protected":false},"excerpt":{"rendered":"<p>El pasado 8 de mayo se realiz\u00f3, mediante videoconferencia, la primera reuni\u00f3n anual del Grupo de Trabajo del Foro de Sao Paulo. Con la participaci\u00f3n de m\u00e1s de 45 representantes de las principales fuerzas pol\u00edticas de nuestro continente, se abord\u00f3 la compleja e in\u00e9dita coyuntura actual, dominada por el impacto global del COVID-19. Queremos destacar [&hellip;]<\/p>\n","protected":false},"author":1,"featured_media":4662,"comment_status":"closed","ping_status":"closed","sticky":false,"template":"","format":"standard","meta":{"tdm_status":"","tdm_grid_status":"","footnotes":""},"categories":[9],"tags":[],"class_list":["post-4675","post","type-post","status-publish","format-standard","has-post-thumbnail","hentry","category-vidadepartido"],"_links":{"self":[{"href":"https:\/\/pcce.com.ar\/pcce\/wp-json\/wp\/v2\/posts\/4675","targetHints":{"allow":["GET"]}}],"collection":[{"href":"https:\/\/pcce.com.ar\/pcce\/wp-json\/wp\/v2\/posts"}],"about":[{"href":"https:\/\/pcce.com.ar\/pcce\/wp-json\/wp\/v2\/types\/post"}],"author":[{"embeddable":true,"href":"https:\/\/pcce.com.ar\/pcce\/wp-json\/wp\/v2\/users\/1"}],"replies":[{"embeddable":true,"href":"https:\/\/pcce.com.ar\/pcce\/wp-json\/wp\/v2\/comments?post=4675"}],"version-history":[{"count":0,"href":"https:\/\/pcce.com.ar\/pcce\/wp-json\/wp\/v2\/posts\/4675\/revisions"}],"wp:featuredmedia":[{"embeddable":true,"href":"https:\/\/pcce.com.ar\/pcce\/wp-json\/wp\/v2\/media\/4662"}],"wp:attachment":[{"href":"https:\/\/pcce.com.ar\/pcce\/wp-json\/wp\/v2\/media?parent=4675"}],"wp:term":[{"taxonomy":"category","embeddable":true,"href":"https:\/\/pcce.com.ar\/pcce\/wp-json\/wp\/v2\/categories?post=4675"},{"taxonomy":"post_tag","embeddable":true,"href":"https:\/\/pcce.com.ar\/pcce\/wp-json\/wp\/v2\/tags?post=4675"}],"curies":[{"name":"wp","href":"https:\/\/api.w.org\/{rel}","templated":true}]}}