{"id":4677,"date":"2020-05-14T11:46:04","date_gmt":"2020-05-14T14:46:04","guid":{"rendered":"https:\/\/pcce.com.ar\/pcce\/?p=4677"},"modified":"2020-05-14T11:46:04","modified_gmt":"2020-05-14T14:46:04","slug":"coronavirus-y-militancia-con-la-fuerza-de-las-ideas","status":"publish","type":"post","link":"https:\/\/pcce.com.ar\/pcce\/2020\/05\/14\/coronavirus-y-militancia-con-la-fuerza-de-las-ideas\/","title":{"rendered":"CORONAVIRUS Y MILITANCIA: Con la fuerza de las ideas"},"content":{"rendered":"<div class=\"story\">\n<h2 class=\"copete-general\">Mientras la cuarentena se extiende en la Argentina, la militancia se mantiene firme y activa para incidir en la compleja realidad que nuestro pueblo transita.<\/h2>\n<\/div>\n<div class=\"story\">\n<p class=\"capitular-texto-gral\">Iniciativas de diversa \u00edndole se destacaron en los \u00faltimos d\u00edas, ya no s\u00f3lo de manera virtual sino tambi\u00e9n territorial en varios puntos del pa\u00eds.<\/p>\n<p class=\"texto-general\">El principal hecho pol\u00edtico se dio en el plano comunicacional con la entrevista realizada al ex vicepresidente de la Naci\u00f3n, Amado Boudou. En una conversaci\u00f3n que dur\u00f3 poco m\u00e1s de una hora y media, varios y varias camaradas tuvieron un intercambio de ideas y an\u00e1lisis de los principales temas de la situaci\u00f3n nacional e internacional, pasando por el lawfare, la deuda externa, el impuesto a las grandes fortunas, la mujer, la juventud y el papel que nos toca para avanzar en las transformaciones de fondo en nuestra Patria. La nota completa se puede visualizar en www.pcce.com.ar.<\/p>\n<p class=\"texto-general\">En la misma sinton\u00eda, comenz\u00f3 un nuevo proyecto radial con el lanzamiento de Cuestiones Elementales, un programa de pol\u00edtica e inter\u00e9s general en La Plata. Conducido por Rodolfo M\u00f3dena y Luis Favero y emitido por Radio Estaci\u00f3n Sur FM 97.1, los camaradas debutaron con un reportaje a Mariana Marasas (bi\u00f3loga y doctora en Cs. Naturales de la UNLP) en el que analizaron el Covid 19 desde la ecolog\u00eda y los contextos ambientales.<\/p>\n<p class=\"texto-general\">Por el frente estudiantil fue muy importante la representaci\u00f3n que tuvo el Partido en el Encuentro de Estudiantes Conectados 2020 organizado por el Frente Universitario por la Emancipaci\u00f3n de los Pueblos (FUNE). Con la participaci\u00f3n de camaradas de distintas universidades nacionales como la UNER, la UNLA o la UNDAV por citar algunas, se pudo debatir y exponer nuestras propuestas para fortalecer la unidad del movimiento estudiantil, como las acciones a tomar ante emergencia social, econ\u00f3mica y sanitaria que produjeron los a\u00f1os neoliberales y el desarrollo del coronavirus.<\/p>\n<p class=\"texto-general\">Por otro lado, desde la UNSAM promovimos y lanzamos un comunicado al que suscribieron m\u00e1s de diez organizaciones compa\u00f1eras del campo popular en respaldo a la iniciativa oficial por un impuesto a las grandes fortunas que ayude a paliar la crisis sanitaria. Tambi\u00e9n se aprovech\u00f3 para manifestar el rechazo al acuerdo entre la c\u00fapula de la CGY y la UIA para permitir una rebaja del 25% en los salarios a pesar de que Gobierno Nacional ya hab\u00eda anunciado su aporte del 50% para pagar salarios y una rebaja del 90% en las cargas patronales.<\/p>\n<p class=\"texto-general\">A paso firme, el colectivo de mujeres de nuestro Partido contin\u00faa trabajando en el an\u00e1lisis y la elaboraci\u00f3n de propuestas para enfrentar las particularidades que padecen las mujeres y diversidades en este contexto. La semana pasada se llev\u00f3 a cabo un encuentro en el que se discuti\u00f3 acerca de la proliferaci\u00f3n de los femicidios durante la cuarentena, la crisis humanitaria que sufren en las c\u00e1rceles y sobre la necesidad de contar con un ingreso universal que les garantice mejores condiciones materiales en l\u00ednea con un nivel de mayor redistribuci\u00f3n de la riqueza. Materiales gr\u00e1ficos, audiovisuales y hasta un conversatorio virtual con especialistas fueron algunas de las iniciativas que se echaron a andar para aportar al debate.<\/p>\n<p class=\"texto-general\">Es importante destacar que no todo el trabajo militante se redujo a las iniciativas virtuales y por ello, no se puede soslayar la organizaci\u00f3n de m\u00faltiples campa\u00f1as solidarias que se establecieron en distintas provincias. A los ya mencionados en ediciones anteriores de Nuestra Palabra, se suman los casos de Villa Caraza en Lan\u00fas, provincia de Buenos Aires y en Villa Mitre, Capital Federal. En Caraza los y las camaradas conformaron un nuevo punto de ollas populares en un trabajo conjunto con el voluntariado de la carrera de Salud Comunitaria de la UNLA; mientras que desde el Centro Cultural Che Pugliese y la Red Mil Flores en Capital, lanzaron una campa\u00f1a de donaciones de alimentos y abrigo que cont\u00f3 con una importante participaci\u00f3n vecinal.<\/p>\n<p class=\"texto-general\">Con todas y cada una de estas iniciativas y con la fuerza de las ideas como motor de nuestro Partido, continuamos construyendo la organizaci\u00f3n revolucionaria que nuestra Patria necesita.<\/p>\n<\/div>\n","protected":false},"excerpt":{"rendered":"<p>Mientras la cuarentena se extiende en la Argentina, la militancia se mantiene firme y activa para incidir en la compleja realidad que nuestro pueblo transita. Iniciativas de diversa \u00edndole se destacaron en los \u00faltimos d\u00edas, ya no s\u00f3lo de manera virtual sino tambi\u00e9n territorial en varios puntos del pa\u00eds. El principal hecho pol\u00edtico se dio [&hellip;]<\/p>\n","protected":false},"author":1,"featured_media":4663,"comment_status":"closed","ping_status":"closed","sticky":false,"template":"","format":"standard","meta":{"tdm_status":"","tdm_grid_status":"","footnotes":""},"categories":[4,9],"tags":[],"class_list":["post-4677","post","type-post","status-publish","format-standard","has-post-thumbnail","hentry","category-featured","category-vidadepartido"],"_links":{"self":[{"href":"https:\/\/pcce.com.ar\/pcce\/wp-json\/wp\/v2\/posts\/4677","targetHints":{"allow":["GET"]}}],"collection":[{"href":"https:\/\/pcce.com.ar\/pcce\/wp-json\/wp\/v2\/posts"}],"about":[{"href":"https:\/\/pcce.com.ar\/pcce\/wp-json\/wp\/v2\/types\/post"}],"author":[{"embeddable":true,"href":"https:\/\/pcce.com.ar\/pcce\/wp-json\/wp\/v2\/users\/1"}],"replies":[{"embeddable":true,"href":"https:\/\/pcce.com.ar\/pcce\/wp-json\/wp\/v2\/comments?post=4677"}],"version-history":[{"count":0,"href":"https:\/\/pcce.com.ar\/pcce\/wp-json\/wp\/v2\/posts\/4677\/revisions"}],"wp:featuredmedia":[{"embeddable":true,"href":"https:\/\/pcce.com.ar\/pcce\/wp-json\/wp\/v2\/media\/4663"}],"wp:attachment":[{"href":"https:\/\/pcce.com.ar\/pcce\/wp-json\/wp\/v2\/media?parent=4677"}],"wp:term":[{"taxonomy":"category","embeddable":true,"href":"https:\/\/pcce.com.ar\/pcce\/wp-json\/wp\/v2\/categories?post=4677"},{"taxonomy":"post_tag","embeddable":true,"href":"https:\/\/pcce.com.ar\/pcce\/wp-json\/wp\/v2\/tags?post=4677"}],"curies":[{"name":"wp","href":"https:\/\/api.w.org\/{rel}","templated":true}]}}