{"id":4708,"date":"2020-05-28T01:43:11","date_gmt":"2020-05-28T04:43:11","guid":{"rendered":"https:\/\/pcce.com.ar\/pcce\/?p=4708"},"modified":"2020-05-28T01:43:11","modified_gmt":"2020-05-28T04:43:11","slug":"chubut-lucha-por-la-memoria-y-la-dignidad","status":"publish","type":"post","link":"https:\/\/pcce.com.ar\/pcce\/2020\/05\/28\/chubut-lucha-por-la-memoria-y-la-dignidad\/","title":{"rendered":"CHUBUT: Lucha por la memoria y la dignidad"},"content":{"rendered":"<p>Se lo llevaron porque \u00e9l organizaba\u201d, dijo un compa\u00f1ero sobre la desaparici\u00f3n forzada del camarada Elvio \u00c1ngel Bel, que tuvo lugar el 5 de noviembre de 1976. Despu\u00e9s de 44 a\u00f1os, el Tribunal Oral Federal de Comodoro Rivadavia sentenci\u00f3 a Tito Nichols, titular del Departamento de Informaciones de la Polic\u00eda, Presidente de la Cooperativa El\u00e9ctrica de Trelew y Concejal hasta el 2004 por el PJ, a 6 a\u00f1os de prisi\u00f3n. Se reemplaz\u00f3 la placa de Nichols en el HCD de Trelew por la foto del camarada Bel, en un acto verdaderamente reparador. Lo que sigue: apelaci\u00f3n de la sentencia y exigencia de castigo de 17 a\u00f1os para Nichols, condena para Hern\u00e1n Hermelo (quien fuera absuelto) y orden de investigar para dar con el paradero de los restos que a\u00fan no fueron hallados. \u00c1ngel tuvo dos escuelas que forjaron su vida. La primera fue su formaci\u00f3n como maestro rural en la escuela Juan Bautista Alberdi de Paran\u00e1. La segunda, el Partido, al que se afilia cuando ya se encontraba en Chubut, tras el servicio militar y ejerciendo la docencia primero en un paraje de la Meseta, y luego en Rawson y Trelew. Detenido y recuperado por su pueblo en la hist\u00f3rica toma del Teatro Espa\u00f1ol (conocida como el \u201cTrelewaso\u201d) porque \u00c1ngel encabez\u00f3 el movimiento de solidaridad con los presos de Trelew en el 72 que termin\u00f3 en masacre, siendo apoderado de la familia de Roberto Santucho. Fue despedido del sistema educativo por aplicaci\u00f3n de la ley anti subversiva, y se esperaba una detenci\u00f3n \u201cm\u00e1s\u201d de todas las que hab\u00eda sufrido en su trayectoria militante, cuando irrumpe el golpe del \u201876. Otro destino ser\u00eda hoy el del paraje de la meseta, que lucha aislada y despoblada por sus derechos b\u00e1sicos. Y todas las luchas que se libran en conjunto, por erradicar la megaminer\u00eda saqueadora, hambreadora y contaminante, con el compromiso de la Uni\u00f3n de Asambleas Comunitarias, de la que participan camaradas, y todas las asambleas provinciales. La lucha por el pago de salarios adeudados a estatales, docentes, jubilados, los textiles, que cobran muy por debajo de la canasta b\u00e1sica y por los despidos de 264 trabajadores de la pesquera FYRSA, al grito de \u201csin salarios no hay cuarentena\u201d, con campa\u00f1as de donaciones y ollas populares, para paliar una situaci\u00f3n de arrastre y hoy insostenible con la pandemia. Mientras Arcioni, gobernador de Chubut, se abraza a las trasnacionales. Pero las ideas y principios que supo sembrar \u00c1ngel con su conciencia, con su entrega militante, est\u00e1n intactas y multiplicadas.<\/p>\n","protected":false},"excerpt":{"rendered":"<p>Se lo llevaron porque \u00e9l organizaba\u201d, dijo un compa\u00f1ero sobre la desaparici\u00f3n forzada del camarada Elvio \u00c1ngel Bel, que tuvo lugar el 5 de noviembre de 1976. Despu\u00e9s de 44 a\u00f1os, el Tribunal Oral Federal de Comodoro Rivadavia sentenci\u00f3 a Tito Nichols, titular del Departamento de Informaciones de la Polic\u00eda, Presidente de la Cooperativa El\u00e9ctrica [&hellip;]<\/p>\n","protected":false},"author":1,"featured_media":4691,"comment_status":"closed","ping_status":"closed","sticky":false,"template":"","format":"standard","meta":{"tdm_status":"","tdm_grid_status":"","footnotes":""},"categories":[9],"tags":[],"class_list":["post-4708","post","type-post","status-publish","format-standard","has-post-thumbnail","hentry","category-vidadepartido"],"_links":{"self":[{"href":"https:\/\/pcce.com.ar\/pcce\/wp-json\/wp\/v2\/posts\/4708","targetHints":{"allow":["GET"]}}],"collection":[{"href":"https:\/\/pcce.com.ar\/pcce\/wp-json\/wp\/v2\/posts"}],"about":[{"href":"https:\/\/pcce.com.ar\/pcce\/wp-json\/wp\/v2\/types\/post"}],"author":[{"embeddable":true,"href":"https:\/\/pcce.com.ar\/pcce\/wp-json\/wp\/v2\/users\/1"}],"replies":[{"embeddable":true,"href":"https:\/\/pcce.com.ar\/pcce\/wp-json\/wp\/v2\/comments?post=4708"}],"version-history":[{"count":0,"href":"https:\/\/pcce.com.ar\/pcce\/wp-json\/wp\/v2\/posts\/4708\/revisions"}],"wp:featuredmedia":[{"embeddable":true,"href":"https:\/\/pcce.com.ar\/pcce\/wp-json\/wp\/v2\/media\/4691"}],"wp:attachment":[{"href":"https:\/\/pcce.com.ar\/pcce\/wp-json\/wp\/v2\/media?parent=4708"}],"wp:term":[{"taxonomy":"category","embeddable":true,"href":"https:\/\/pcce.com.ar\/pcce\/wp-json\/wp\/v2\/categories?post=4708"},{"taxonomy":"post_tag","embeddable":true,"href":"https:\/\/pcce.com.ar\/pcce\/wp-json\/wp\/v2\/tags?post=4708"}],"curies":[{"name":"wp","href":"https:\/\/api.w.org\/{rel}","templated":true}]}}