{"id":4750,"date":"2020-06-12T11:57:28","date_gmt":"2020-06-12T14:57:28","guid":{"rendered":"https:\/\/pcce.com.ar\/pcce\/?p=4750"},"modified":"2020-06-12T13:22:25","modified_gmt":"2020-06-12T16:22:25","slug":"la-ciudad-esta-en-crisis-larreta-y-sus-funcionarios-son-responsables","status":"publish","type":"post","link":"https:\/\/pcce.com.ar\/pcce\/2020\/06\/12\/la-ciudad-esta-en-crisis-larreta-y-sus-funcionarios-son-responsables\/","title":{"rendered":"LA CIUDAD EST\u00c1 EN CRISIS. LARRETA Y SUS FUNCIONARIOS SON RESPONSABLES"},"content":{"rendered":"<h1>LA CIUDAD EST\u00c1 EN CRISIS. LARRETA Y SUS FUNCIONARIOS SON RESPONSABLES<\/h1>\n<p>La Ciudad de Buenos Aires se encamina a una crisis sanitaria y social que ya est\u00e1 golpeando a sus habitantes, en particular a los de sus barrios m\u00e1s humildes, como consecuencia de la indiferencia y las decisiones del gobierno neoliberal de Larreta y sus funcionarios.<\/p>\n<p>A m\u00e1s de 80 d\u00edas de iniciada la pandemia los barrios populares se encuentran en una situaci\u00f3n cr\u00edtica, sin servicios esenciales como el agua, sin insumos b\u00e1sicos ni art\u00edculos de limpieza, sin asistencia alimentaria (salvo la que entrega el Ministerio de Desarrollo Social de La Naci\u00f3n) y sin un Protocolo de Actuaci\u00f3n en barrios afectados por el contagio comunitario del COVID 19. Un juez de la Ciudad de Buenos Aires inst\u00f3 al gobierno de Larreta a resolver estos problemas, a lo que el gobierno respondi\u00f3 pidiendo su recusaci\u00f3n. En el mismo sentido, tambi\u00e9n recusaron a un juez por haber ordenado al gobierno la entrega de alimento a un menor cuya madre est\u00e1 aislado por COVID. La respuesta de Larreta nunca es resolver el problema, sino recusar a los jueces que se lo exigen.<\/p>\n<p>El de la villa 31 \u2013 Barrio Padre Mugica \u2013 es uno de los casos paradigm\u00e1ticos. Diego Fern\u00e1ndez, el secretario de (des)integraci\u00f3n urbana y social desde diciembre de 2015 prometi\u00f3 p\u00fablicamente su urbanizaci\u00f3n, al frente de una secretar\u00eda que maneja un presupuesto equivalente al 58% del presupuesto del IVC (organismo encargado de urbanizar todo el resto de las villas porte\u00f1as). Por el contrario lxs vecinxs de la 31 no cuentan ni siquiera con servicios b\u00e1sicos como agua, luz y gas. Nada pod\u00edamos esperar de este mafioso sostenido por una red de punteros y empresarios y, como si fuera poco, accionista de Blackrock, para el que s\u00f3lo cabe exigir su inmediata renuncia.<\/p>\n<p>En los Hospitales P\u00fablicos lxs trabajadorxs de la salud vienen denunciando la falta de insumos b\u00e1sicos (entre ellos m\u00e1scaras y barbijos) lo que los expone dram\u00e1ticamente al contagio del COVID. Adem\u00e1s, una buena parte son residentes que cobran sueldos miserables y tienen un r\u00e9gimen laboral de sobre-explotaci\u00f3n. A este respecto, lo \u00fanico que atin\u00f3 a hacer Larreta es comprar barbijos vencidos con un sobreprecio escandaloso a una empresa del hermano de su Jefe de Gabinete, Felipe Miguel.<\/p>\n<p>Cabe preguntarse, \u00bfa d\u00f3nde habr\u00e1 ido a parar el cr\u00e9dito por 150 millones de d\u00f3lares que tom\u00f3 el gobierno porte\u00f1o en el arranque de la pandemia? \u00bfPara qu\u00e9 sirvi\u00f3 entonces la \u201cLey de Emergencia\u201d que hizo aprobar el gobierno de Larreta? Ser\u00eda bueno un pedido de informes a alguno de sus funcionarios en la Legislatura para aclararlo.<\/p>\n<p>Para culminar, Larreta autoriz\u00f3 el \u201crunning\u201d nocturno y sin barbijo en medio de bajas temperaturas y de una escalada en la curva de contagios, y ya se habla de una nueva apertura de comercios. Todo a contramano de las medidas que vienen tomando los gobiernos Nacional y de la Provincia de Bs.As.<\/p>\n<p>Larreta es responsable de esta situaci\u00f3n cr\u00edtica, y tenemos que exigirle respuestas urgentes.<\/p>\n","protected":false},"excerpt":{"rendered":"<p>LA CIUDAD EST\u00c1 EN CRISIS. LARRETA Y SUS FUNCIONARIOS SON RESPONSABLES La Ciudad de Buenos Aires se encamina a una crisis sanitaria y social que ya est\u00e1 golpeando a sus habitantes, en particular a los de sus barrios m\u00e1s humildes, como consecuencia de la indiferencia y las decisiones del gobierno neoliberal de Larreta y sus [&hellip;]<\/p>\n","protected":false},"author":1,"featured_media":4751,"comment_status":"closed","ping_status":"closed","sticky":false,"template":"","format":"standard","meta":{"tdm_status":"","tdm_grid_status":"","footnotes":""},"categories":[22],"tags":[],"class_list":["post-4750","post","type-post","status-publish","format-standard","has-post-thumbnail","hentry","category-comunicado"],"_links":{"self":[{"href":"https:\/\/pcce.com.ar\/pcce\/wp-json\/wp\/v2\/posts\/4750","targetHints":{"allow":["GET"]}}],"collection":[{"href":"https:\/\/pcce.com.ar\/pcce\/wp-json\/wp\/v2\/posts"}],"about":[{"href":"https:\/\/pcce.com.ar\/pcce\/wp-json\/wp\/v2\/types\/post"}],"author":[{"embeddable":true,"href":"https:\/\/pcce.com.ar\/pcce\/wp-json\/wp\/v2\/users\/1"}],"replies":[{"embeddable":true,"href":"https:\/\/pcce.com.ar\/pcce\/wp-json\/wp\/v2\/comments?post=4750"}],"version-history":[{"count":0,"href":"https:\/\/pcce.com.ar\/pcce\/wp-json\/wp\/v2\/posts\/4750\/revisions"}],"wp:featuredmedia":[{"embeddable":true,"href":"https:\/\/pcce.com.ar\/pcce\/wp-json\/wp\/v2\/media\/4751"}],"wp:attachment":[{"href":"https:\/\/pcce.com.ar\/pcce\/wp-json\/wp\/v2\/media?parent=4750"}],"wp:term":[{"taxonomy":"category","embeddable":true,"href":"https:\/\/pcce.com.ar\/pcce\/wp-json\/wp\/v2\/categories?post=4750"},{"taxonomy":"post_tag","embeddable":true,"href":"https:\/\/pcce.com.ar\/pcce\/wp-json\/wp\/v2\/tags?post=4750"}],"curies":[{"name":"wp","href":"https:\/\/api.w.org\/{rel}","templated":true}]}}