{"id":4775,"date":"2020-06-26T19:04:39","date_gmt":"2020-06-26T22:04:39","guid":{"rendered":"https:\/\/pcce.com.ar\/pcce\/?p=4775"},"modified":"2020-06-26T19:04:39","modified_gmt":"2020-06-26T22:04:39","slug":"elap-2-0-unidad-latinoamericana-y-antiimperialista","status":"publish","type":"post","link":"https:\/\/pcce.com.ar\/pcce\/2020\/06\/26\/elap-2-0-unidad-latinoamericana-y-antiimperialista\/","title":{"rendered":"ELAP 2.0: Unidad latinoamericana y antiimperialista"},"content":{"rendered":"<div class=\"story\"><\/div>\n<div class=\"story\">\n<p class=\"basic-paragraph\">Di\u00e1logo entre nuestra camarada Luciana Meuli y la dirigente ecuatoriana Gabriela Rivadeneira.<\/p>\n<\/div>\n<div class=\"story\">\n<p class=\"capitular-texto-gral\">Entre el 18 y 21 de junio se realiz\u00f3 el IV Encuentro Latinoamericano Progresista (ELAP) de manera virtual y el Partido asisti\u00f3 para aportar a la construcci\u00f3n del proyecto regional que derrote al neoliberalismo.<\/p>\n<p class=\"texto-general\">El ELAP 2.0 surgi\u00f3 como un espacio para las juventudes pol\u00edticas de izquierda del continente con el fin de reivindicar los derechos de nuestros pueblos, fortalecer los espacios de poder conquistados y enfrentar las agresiones del imperialismo.<\/p>\n<p class=\"texto-general\">Junto a otras organizaciones del campo popular, conformamos una de las 16 delegaciones internacionales que el ELAP alberg\u00f3 y que tuvo como anfitri\u00f3n al Frente de J\u00f3venes de la Revoluci\u00f3n Ciudadana de Ecuador. El evento recibi\u00f3 la bienvenida del expresidente Rafael Correa y cont\u00f3 con la participaci\u00f3n de acad\u00e9micos y dirigentes pol\u00edticos de toda la regi\u00f3n.<\/p>\n<p class=\"texto-general\">Nuestro plantel se conform\u00f3 con los y las camaradas Vladimir Androsiuk, Luciana Meuli, Luciana Revas, Leandro Lachener, Manuel Samaja y Federico Flumini. Sus participaciones se destacaron en las seis mesas de trabajo donde intervinieron y aportaron a la discusi\u00f3n en varios ejes tem\u00e1ticos: el rol de la izquierda, el feminismo, los bloqueos econ\u00f3micos, la comunicaci\u00f3n popular y el lawfare entre otros. De cada mesa de trabajo se pudo realizar un plan de acci\u00f3n que estreche los lazos entre las distintas fuerzas pol\u00edticas en pos de alcanzar objetivos transversales a cada realidad nacional.<\/p>\n<p class=\"texto-general\">El ELAP cont\u00f3 con ponencias en ocho paneles que precedieron a las mesas de trabajo. En una de ellas sobresali\u00f3 el intercambio que tuvo como moderadora la camarada y responsable de Universidad Luciana Meuli con la ex Presidenta de la Asamblea Nacional de Ecuador, Gabriela Rivadeneira, quien destac\u00f3 que \u201cno tienes idea de lo que signific\u00f3 la victoria argentina para todos nosotros\u201d, y agreg\u00f3 que \u201cnecesitamos ser m\u00e1s claros pol\u00edtica e ideol\u00f3gicamente para saber qu\u00e9 combatimos, y una muestra clara de madurez pol\u00edtica fue Cristina, que se ratific\u00f3 como una gran estratega al plantear un frente para retomar gobierno para confrontar al capitalismo y sus representantes\u201d.<\/p>\n<p class=\"texto-general\">En la lectura del documento final se sintetizaron las principales reivindicaciones de las fuerzas antiimperialistas y se plantearon las estrategias para defender los logros alcanzados y acompa\u00f1ar los procesos liberadores y populares a lo largo y ancho de nuestra Am\u00e9rica.<\/p>\n<\/div>\n","protected":false},"excerpt":{"rendered":"<p>Di\u00e1logo entre nuestra camarada Luciana Meuli y la dirigente ecuatoriana Gabriela Rivadeneira. Entre el 18 y 21 de junio se realiz\u00f3 el IV Encuentro Latinoamericano Progresista (ELAP) de manera virtual y el Partido asisti\u00f3 para aportar a la construcci\u00f3n del proyecto regional que derrote al neoliberalismo. El ELAP 2.0 surgi\u00f3 como un espacio para las [&hellip;]<\/p>\n","protected":false},"author":1,"featured_media":4764,"comment_status":"closed","ping_status":"closed","sticky":false,"template":"","format":"standard","meta":{"tdm_status":"","tdm_grid_status":"","footnotes":""},"categories":[9],"tags":[],"class_list":["post-4775","post","type-post","status-publish","format-standard","has-post-thumbnail","hentry","category-vidadepartido"],"_links":{"self":[{"href":"https:\/\/pcce.com.ar\/pcce\/wp-json\/wp\/v2\/posts\/4775","targetHints":{"allow":["GET"]}}],"collection":[{"href":"https:\/\/pcce.com.ar\/pcce\/wp-json\/wp\/v2\/posts"}],"about":[{"href":"https:\/\/pcce.com.ar\/pcce\/wp-json\/wp\/v2\/types\/post"}],"author":[{"embeddable":true,"href":"https:\/\/pcce.com.ar\/pcce\/wp-json\/wp\/v2\/users\/1"}],"replies":[{"embeddable":true,"href":"https:\/\/pcce.com.ar\/pcce\/wp-json\/wp\/v2\/comments?post=4775"}],"version-history":[{"count":0,"href":"https:\/\/pcce.com.ar\/pcce\/wp-json\/wp\/v2\/posts\/4775\/revisions"}],"wp:featuredmedia":[{"embeddable":true,"href":"https:\/\/pcce.com.ar\/pcce\/wp-json\/wp\/v2\/media\/4764"}],"wp:attachment":[{"href":"https:\/\/pcce.com.ar\/pcce\/wp-json\/wp\/v2\/media?parent=4775"}],"wp:term":[{"taxonomy":"category","embeddable":true,"href":"https:\/\/pcce.com.ar\/pcce\/wp-json\/wp\/v2\/categories?post=4775"},{"taxonomy":"post_tag","embeddable":true,"href":"https:\/\/pcce.com.ar\/pcce\/wp-json\/wp\/v2\/tags?post=4775"}],"curies":[{"name":"wp","href":"https:\/\/api.w.org\/{rel}","templated":true}]}}