{"id":4777,"date":"2020-06-26T19:07:49","date_gmt":"2020-06-26T22:07:49","guid":{"rendered":"https:\/\/pcce.com.ar\/pcce\/?p=4777"},"modified":"2020-06-26T19:07:49","modified_gmt":"2020-06-26T22:07:49","slug":"telam-cronica-de-un-despido-en-masa","status":"publish","type":"post","link":"https:\/\/pcce.com.ar\/pcce\/2020\/06\/26\/telam-cronica-de-un-despido-en-masa\/","title":{"rendered":"TELAM: Cr\u00f3nica de un despido en masa"},"content":{"rendered":"<p class=\"recuadro-letra-capitular\">El 26 de junio de 2018 las noticias apuntaban a Mosc\u00fa, las radios hablaban de la formaci\u00f3n de Argentina para enfrentar a Nigeria. Otra vez se utilizaba al f\u00fatbol para tapar la realidad.<\/p>\n<p class=\"recuadro-letra\">Olas de despidos, ajustes y tarifazos golpeaban de lleno en las mesas de los trabajadores y trabajadoras y, los compa\u00f1erxs de TELAM, no ser\u00edan la excepci\u00f3n. 357 empleados de la agencia de bandera eran despedidos por Hern\u00e1n Lombardi. Luego de la asamblea, ocupamos ambos edificios que la agencia tiene. Estado de alerta y movilizaci\u00f3n de m\u00e1s de 114 d\u00edas con permanencia y ocupaci\u00f3n fue la resistencia.<\/p>\n<p class=\"recuadro-letra\">Si permanec\u00edamos unidos hab\u00eda alguna posibilidad; aislados nos pisaban. As\u00ed emprendimos un camino donde unificamos criterios. Pero luego aparecieron las diferencias y ah\u00ed fue cuando el monstruo creci\u00f3. A partir de la presi\u00f3n pol\u00edtica y medi\u00e1tica que ejercimos se logr\u00f3 torcer a los camaristas. Continuamos con altas y bajas, pero siempre con la misma b\u00fasqueda, la unidad de los y las laburantes. Luego lleg\u00f3 la condici\u00f3n de empleados \u201ccautelares\u201d y un buen d\u00eda echamos a la gesti\u00f3n neoliberal.<\/p>\n<p class=\"recuadro-letra\">A dos a\u00f1os del intento de desguace de TELAM, la Justicia confirm\u00f3 de manera un\u00e1nime la reincorporaci\u00f3n de los \u00faltimos trabajadores con sentencia judicial pendiente que hab\u00edan sido despedidos de la agencia estatal por Hern\u00e1n Lombardi.<\/p>\n<p class=\"recuadro-letra\">Guillermo Gorriz (militante del PCCE<br \/>\ny delegado de Sitrapren en TELAM)<\/p>\n","protected":false},"excerpt":{"rendered":"<p>El 26 de junio de 2018 las noticias apuntaban a Mosc\u00fa, las radios hablaban de la formaci\u00f3n de Argentina para enfrentar a Nigeria. Otra vez se utilizaba al f\u00fatbol para tapar la realidad. Olas de despidos, ajustes y tarifazos golpeaban de lleno en las mesas de los trabajadores y trabajadoras y, los compa\u00f1erxs de TELAM, [&hellip;]<\/p>\n","protected":false},"author":1,"featured_media":4778,"comment_status":"closed","ping_status":"closed","sticky":false,"template":"","format":"standard","meta":{"tdm_status":"","tdm_grid_status":"","footnotes":""},"categories":[38,9],"tags":[],"class_list":["post-4777","post","type-post","status-publish","format-standard","has-post-thumbnail","hentry","category-sindical","category-vidadepartido"],"_links":{"self":[{"href":"https:\/\/pcce.com.ar\/pcce\/wp-json\/wp\/v2\/posts\/4777","targetHints":{"allow":["GET"]}}],"collection":[{"href":"https:\/\/pcce.com.ar\/pcce\/wp-json\/wp\/v2\/posts"}],"about":[{"href":"https:\/\/pcce.com.ar\/pcce\/wp-json\/wp\/v2\/types\/post"}],"author":[{"embeddable":true,"href":"https:\/\/pcce.com.ar\/pcce\/wp-json\/wp\/v2\/users\/1"}],"replies":[{"embeddable":true,"href":"https:\/\/pcce.com.ar\/pcce\/wp-json\/wp\/v2\/comments?post=4777"}],"version-history":[{"count":0,"href":"https:\/\/pcce.com.ar\/pcce\/wp-json\/wp\/v2\/posts\/4777\/revisions"}],"wp:featuredmedia":[{"embeddable":true,"href":"https:\/\/pcce.com.ar\/pcce\/wp-json\/wp\/v2\/media\/4778"}],"wp:attachment":[{"href":"https:\/\/pcce.com.ar\/pcce\/wp-json\/wp\/v2\/media?parent=4777"}],"wp:term":[{"taxonomy":"category","embeddable":true,"href":"https:\/\/pcce.com.ar\/pcce\/wp-json\/wp\/v2\/categories?post=4777"},{"taxonomy":"post_tag","embeddable":true,"href":"https:\/\/pcce.com.ar\/pcce\/wp-json\/wp\/v2\/tags?post=4777"}],"curies":[{"name":"wp","href":"https:\/\/api.w.org\/{rel}","templated":true}]}}