{"id":4802,"date":"2020-06-26T21:20:01","date_gmt":"2020-06-27T00:20:01","guid":{"rendered":"https:\/\/pcce.com.ar\/pcce\/?p=4802"},"modified":"2020-07-01T18:13:10","modified_gmt":"2020-07-01T21:13:10","slug":"jorge-pereyra-por-que-partido-comunista-congreso-extraordinario","status":"publish","type":"post","link":"https:\/\/pcce.com.ar\/pcce\/2020\/06\/26\/jorge-pereyra-por-que-partido-comunista-congreso-extraordinario\/","title":{"rendered":"Jorge Pereyra: Por qu\u00e9 Partido Comunista Congreso Extraordinario"},"content":{"rendered":"<p>El Partido Comunista (CE) se constituy\u00f3 en el Congreso realizado el 1 y 2 de Diciembre de 1996 en la Casa Suiza, Ciudad de Buenos Aires. Nos consideramos una parte de los comunistas, los cuales se encuentran ligados por una historia com\u00fan forjada durante d\u00e9cadas de abnegada lucha. Queremos hacer una breve referencia a su historia, a sus antecedentes y a las causas por las cuales se cre\u00f3 el PC (CE). Tambi\u00e9n queremos hablar de sus perspectivas.<\/p>\n<p>La lucha por la Patria Liberada y el Socialismo requiere de la unidad de los comunistas, de la reconstrucci\u00f3n del PC de la Argentina, para as\u00ed poder contribuir m\u00e1s eficazmente a forjar el FLNS y conformar en medio del combate la vanguardia unificada o compartida que la Revoluci\u00f3n necesita.<\/p>\n<p>Hoy, ya no somos lo que \u00e9ramos el a\u00f1o pasado. Ni tampoco lo que \u00e9ramos hace cinco a\u00f1os, cuando aceptamos el desaf\u00edo de asumirnos como Partido Comunista, conscientes de que nos consideramos solamente una parte, pero no una parte m\u00e1s. Nos hicimos cargo de nuestra historia. Nos afirmamos en nuestros principios. Reivindicamos la l\u00ednea del Frente de Liberaci\u00f3n Nacional y Social y la vigencia de un Partido de car\u00e1cter leninista. Nos dijeron que no durar\u00edamos mucho, que correr\u00edamos la suerte de tantos grupos que desaparecieron r\u00e1pidamente, que no ser\u00edamos capaces de instrumentar una pol\u00edtica propia.<\/p>\n<p>Aqu\u00ed estamos. Son muchos los que hoy reconocen nuestra existencia. Nos hemos mantenido. No ignoramos nuestras limitaciones, sobre todo por los escasos medios con que contamos, pero a pesar de ello hemos crecido. Nos estamos consolidando, y nuestra organizaci\u00f3n va adquiriendo un grado de homogeneidad que nos facilita la lucha com\u00fan por aplicar la l\u00ednea y por convocar a la unidad de los comunistas y, al mismo tiempo, proponernos nuevos escalones en el crecimiento del Partido y la FJC.<\/p>\n<p>La historia de nuestro Partido hunde sus ra\u00edces en la lucha de los abor\u00edgenes contra el colonialismo espa\u00f1ol, se afirma en la Revoluci\u00f3n de Mayo, en el pensamiento y la acci\u00f3n de San Mart\u00edn, Moreno, Castelli y otros h\u00e9roes de nuestra primera Independencia. Contin\u00faa en el pensamiento de E. Echeverr\u00eda y otros hombres de su generaci\u00f3n. Recoge el legado de aquellos intelectuales y obreros que en el siglo pasado introdujeron el socialismo cient\u00edfico aportando decididamente a la formaci\u00f3n de las primeras organizaciones obreras y del Partido Socialista. Se funde en las luchas de la clase obrera, los campesinos, la intelectualidad avanzada y los estudiantes a principios del siglo XX y nace un 6 de enero de 1918 por la actitud decidida de un n\u00facleo de j\u00f3venes entre los que se destacaban Victorio Codovilla, Rodolfo Ghioldi y Luis Emilio Recabarren, siendo \u00e9stos los m\u00e1s decididos en crear un Partido revolucionario de la clase obrera que asumiera la ideolog\u00eda del marxismo leninismo. En dura lucha durante los primeros diez a\u00f1os se fue afirmando el car\u00e1cter leninista del Partido.<\/p>\n<p>Esta historia se entrelaza con la ingente labor de otros patriotas y revolucionarios latinoamericanos entre los que se destacaron Jos\u00e9 Carlos Mari\u00e1tegui y Julio Antonio Mella y se proyecta hasta nuestros d\u00edas con el ejemplo del pensamiento y la acci\u00f3n de Ernesto Che Guevara y del l\u00edder de nuestra Cuba socialista, el comandante Fidel Castro.<\/p>\n<p>Nac\u00eda nuestro Partido estrechamente vinculado a la lucha de la clase obrera internacional y de los pueblos oprimidos y a pocos meses del triunfo de la primer Revoluci\u00f3n Socialista en la Patria de Lenin que inauguraba una nueva era en la historia de la humanidad. Distintas generaciones de militantes, hombres, mujeres y j\u00f3venes, han dado lo mejor de s\u00ed, a\u00fan su vida y su libertad en la lucha por la liberaci\u00f3n nacional y social de nuestra Patria, en la defensa inclaudicable de los intereses de los trabajadores y el pueblo y en la activa solidaridad internacionalista.<\/p>\n<p>Un rasgo que destac\u00f3 al Partido ante otros luchadores fue su honestidad revolucionaria y su generosa entrega. Tuvo muchos aciertos y brind\u00f3 importantes aportes y al mismo tiempo cometi\u00f3 errores y tuvo desviaciones que intenta reparar con valent\u00eda.<\/p>\n<p>De esa manera ha jalonado una trayectoria y construido la identidad de una fuerza pol\u00edtica que incorpor\u00f3 a la cultura nacional las ideas del marxismo leninismo, que fue pionero en el estudio del fen\u00f3meno del imperialismo y la dependencia en la Argentina y Am\u00e9rica Latina as\u00ed como a la determinaci\u00f3n de la revoluci\u00f3n necesaria que abriera el camino al socialismo. Al mismo tiempo brind\u00f3 un rico aporte al desarrollo de la experiencia social, de la lucha y la organizaci\u00f3n del movimiento obrero y popular.<\/p>\n<p>Durante la d\u00e9cada del 90, en particular en el transcurso de su primera mitad, todo fue muy duro para los comunistas y los revolucionarios (y lo fue tambi\u00e9n despu\u00e9s para miles de millones de personas). Los anuncios del triunfo final del imperialismo y de la victoria definitiva del \u201cpensamiento \u00fanico\u201d, junto a la ca\u00edda de la URSS y los pa\u00edses socialistas de Europa del este, crearon una gran desaz\u00f3n, confusi\u00f3n y desbande.<\/p>\n<p>No pocos capitularon, renunciaron a sus ideales y trataron de adaptarse, de ser funcionales a las exigencias de la pol\u00edtica neoliberal del imperialismo. Pero no todo fue as\u00ed ni mucho menos. Con bronca y dolor por una derrota que se podr\u00eda haber evitado, comunistas y revolucionarios en todos los rincones del mundo se afirmaron en sus convicciones y comenzaron a remontar la cuesta desde un punto de partida muy desfavorable. Entre ellos, modestamente desde un primer momento decidimos encolumnarnos tambi\u00e9n nosotros.<\/p>\n<p>Tratando de recoger y aprender de las primeras respuestas y reacciones, en particular de las que valientemente proven\u00edan de Fidel Castro y el Partido Comunista Cubano. Eran las primeras golondrinas. Hoy son millones los comunistas que en dura lucha van recomponiendo sus filas al igual que otros torrentes revolucionarios.<\/p>\n<p>Nuestro Partido no fue ajeno a esa crisis y lamentablemente los que enfrentamos con mayor vehemencia a los sectores liquidacionistas provenientes de un sector importante del Comit\u00e9 Central, fuimos sancionados, nuestras organizaciones provinciales, regionales y locales intervenidas y finalmente fuimos desplazados. Estos sectores luego de ponernos afuera casi logran su objetivo de disolver el Partido de no ser por la reacci\u00f3n de la militancia. Lo cierto es que, incre\u00edblemente, en una reuni\u00f3n del CC se vot\u00f3 si se disolv\u00eda el partido o no y ello se evit\u00f3 por una escasa diferencia de votos.<\/p>\n<p>Frente a esta situaci\u00f3n, los militantes represaliados y marginados defendimos nuestra condici\u00f3n de comunistas, mantuvimos nuestra participaci\u00f3n en la lucha social y pol\u00edtica, intentamos y logramos avanzar en la coordinaci\u00f3n y en condiciones muy dif\u00edciles. Con muy escasos medios, pero con mucha voluntad y convicci\u00f3n, nos lanzamos a organizar esta parte de los comunistas.<\/p>\n<p>El 1 y 2 de Diciembre de 1996, comunistas representantes de diversas organizaciones Provinciales, Regionales, Municipales y Barriales de la Capital Federal, Provincia de Buenos Aires y Mendoza, C\u00f3rdoba, Santa Fe, Entre R\u00edos, Formosa, Chaco, Corrientes, San Juan, Salta, etc., despu\u00e9s de debatir en asambleas durante 7 meses las \u201cBases para la Discusi\u00f3n\u201d realizamos el Congreso constitutivo del PC (CE).<\/p>\n<p>En dicho Congreso se se\u00f1al\u00f3 que dada la anormalidad institucional del PC, la enorme dispersi\u00f3n de la mayor\u00eda de los afiliados y siendo una parte significativa de los militantes cre\u00e1bamos el PC (CE).<\/p>\n<p>Su existencia estar\u00e1 determinada por el tiempo que lleve avanzar en la unidad de los comunistas en base a sus hist\u00f3ricos principios ideol\u00f3gicos y a la l\u00ednea pol\u00edtica trazada por el XVI Congreso que establece el camino argentino al socialismo a trav\u00e9s de la Revoluci\u00f3n Democr\u00e1tica Agraria Antiimperialista y Antimonopolista por medio de la acci\u00f3n de masas organizadas en un FLNS con el nombre que se establezca y donde la clase obrera juegue un rol hegem\u00f3nico encabezando un amplio espectro de capas sociales afectadas por la pol\u00edtica del imperialismo y sus socios locales.<\/p>\n<p>Todos reconocemos en nuestros m\u00e1rtires, en nuestros ca\u00eddos y represaliados, en el ejemplo de comunista del futuro hombre nuevo que nos expresa el comandante Ernesto Che Guevara, elementos claves de nuestra identidad. Pero no todos reivindican, como nosotros, a nuestros fundadores, en particular a Victorio Codovilla y Rodolfo Ghioldi, a la historia de nuestro partido que, con sus aciertos y errores, tanto ha contribuido a la lucha revolucionaria en la Argentina como lo se\u00f1alamos en las Bases.<\/p>\n<p>Todos reconocemos a la Revoluci\u00f3n de Octubre como el acontecimiento m\u00e1ximo del siglo XX que parti\u00f3 en dos la historia de la Humanidad Al mismo tiempo no todos reconocemos en el PCUS y en la Uni\u00f3n Sovi\u00e9tica los extraordinarios aportes a la liberaci\u00f3n de los pueblos, al crecimiento acelerado de la econom\u00eda socialista, al mejoramiento del bienestar de millones de hombres, mujeres, j\u00f3venes y ni\u00f1os, a la derrota del nazifascismo, al derrumbe del sistema colonial, al triunfo de las revoluciones liberadoras y socialistas en diversos continentes y a la defensa de la paz mundial hoy en peligro.<\/p>\n<p>La ca\u00edda de la Uni\u00f3n Sovi\u00e9tica muestra tambi\u00e9n los errores y desviaciones que a lo largo de los a\u00f1os condujeron a la derrota y a esta etapa de borrachera del neoliberalismo. Junto a las graves desviaciones y a la capitulaci\u00f3n vergonzosa de Gorbachov y sus c\u00f3mplices, jug\u00f3 un papel sustancial el enemigo imperialista que socav\u00f3 el socialismo y aceler\u00f3 la ca\u00edda de la Uni\u00f3n Sovi\u00e9tica y los pa\u00edses socialistas europeos.<\/p>\n<p>Reivindicamos la vigencia del socialismo en Asia y Am\u00e9rica Latina, en particular a nosotros nos toca las fibras m\u00e1s \u00edntimas la existencia, contra viento y marea, de nuestra Cuba Socialista, y no aceptemos que se ponga en duda el car\u00e1cter socialista de su revoluci\u00f3n, el papel de Fidel Castro y el Partido Comunista Cubano.<\/p>\n<p>Reivindicamos el papel gigantesco de Marx, Engels y Lenin. Sobre todo el leninismo ha sufrido grandes ataques: desde se\u00f1alar que la teor\u00eda de Lenin sobre el imperialismo s\u00f3lo ten\u00eda que ver con una visi\u00f3n parcial desde la estepa rusa hasta descalificar la teor\u00eda sobre el partido y la vigencia de los principios leninistas de organizaci\u00f3n, algunos sectores niegan la teor\u00eda del Estado, de la lucha por la toma del poder pol\u00edtico y la Revoluci\u00f3n. Nosotros incorporamos como parte de nuestra identidad comunista el aporte que Fidel y el Partido Comunista Cubano est\u00e1n dando al desarrollo del pensamiento marxiste leninista. No todos les reconocen la cualidad de haber desarrollado en la \u00e9poca actual el pensamiento marxista.<\/p>\n<p>Tambi\u00e9n nos identificamos con los principios leninistas de organizaci\u00f3n: el v\u00ednculo con las masas, la organizaci\u00f3n celular, la cr\u00edtica y la autocr\u00edtica, el centralismo democr\u00e1tico y la vigilancia revolucionaria.<\/p>\n<p>Para que el Partido logre su unidad de pensamiento y acci\u00f3n, es imprescindible que tenga unidad de organizaci\u00f3n. Por lo tanto, el Partido no es una suma de individuos, sino un sistema \u00fanico de organismos. El sistema \u00fanico de organismos y la vida de cada uno de ellos para el v\u00ednculo pol\u00edtico con las masas se articula de acuerdo a los principios del centralismo democr\u00e1tico.<\/p>\n<p>Como lo se\u00f1al\u00e1bamos en las \u201cBases para la discusi\u00f3n\u201d, la unidad ideol\u00f3gica, pol\u00edtica y moral es uno de los principales requerimientos para afirmar el papel del Partido. La unidad no significa una ausencia de puntos de vista diferentes, nuestra concepci\u00f3n de la democracia partidaria, es inseparable de la unidad de acci\u00f3n pol\u00edtica, y ella solo es concebible en el cumplimiento de las normas del centralismo democr\u00e1tico.<\/p>\n<p>Comenzamos el siglo XXI decididamente dispuestos a defender los intereses de los trabajadores y los pueblos, los intereses de la Humanidad en su conjunto y a salvaguardar la supervivencia del planeta para asegurar la vida y el futuro de las huevas generaciones. No estamos solos. M\u00e1s temprano que tarde, los pueblos estrechar\u00e1n filas para cerrar el camino a los promotores del hambre, la guerra y el fascismo.<\/p>\n<p>Frente a la globalizaci\u00f3n neoliberal se ir\u00e1 gestando en los pr\u00f3ximos a\u00f1os la globalizaci\u00f3n de la solidaridad que es la \u00fanica alternativa para la victoria de los pueblos. Asumir esta lucha humanista liberadora, es el compromiso de los comunistas argentinos.<\/p>\n<p>Hemos recorrido un camino que ha puesto a prueba nuestra voluntad revolucionaria y nuestras convicciones. Con ellas hemos sorteado momentos dif\u00edciles. En la medida que nos fortalezcamos, el enemigo y nuestras propias limitaciones nos presentar\u00e1n obst\u00e1culos de mayor envergadura.<\/p>\n<p>No nos asusten. Marx dec\u00eda que la felicidad era la lucha. Estamos en mejores condiciones de aceptar nuevos y mayores desaf\u00edos. Sabemos que la victoria no ser\u00e1 de los d\u00e9biles que se asustan ante cualquier trueno o tormenta. Por m\u00e1s poderoso que hoy sea el enemigo, por m\u00e1s grandes que sean las dificultades, estamos seguros que despu\u00e9s de la tormenta alumbrar\u00e1 el sol de la liberaci\u00f3n nacional, el socialismo y el comunismo en nuestra Patria.<\/p>\n","protected":false},"excerpt":{"rendered":"<p>El Partido Comunista (CE) se constituy\u00f3 en el Congreso realizado el 1 y 2 de Diciembre de 1996 en la Casa Suiza, Ciudad de Buenos Aires. Nos consideramos una parte de los comunistas, los cuales se encuentran ligados por una historia com\u00fan forjada durante d\u00e9cadas de abnegada lucha. Queremos hacer una breve referencia a su [&hellip;]<\/p>\n","protected":false},"author":1,"featured_media":4605,"comment_status":"closed","ping_status":"closed","sticky":false,"template":"","format":"standard","meta":{"tdm_status":"","tdm_grid_status":"","footnotes":""},"categories":[40],"tags":[],"class_list":["post-4802","post","type-post","status-publish","format-standard","has-post-thumbnail","hentry","category-historia-del-pcce"],"_links":{"self":[{"href":"https:\/\/pcce.com.ar\/pcce\/wp-json\/wp\/v2\/posts\/4802","targetHints":{"allow":["GET"]}}],"collection":[{"href":"https:\/\/pcce.com.ar\/pcce\/wp-json\/wp\/v2\/posts"}],"about":[{"href":"https:\/\/pcce.com.ar\/pcce\/wp-json\/wp\/v2\/types\/post"}],"author":[{"embeddable":true,"href":"https:\/\/pcce.com.ar\/pcce\/wp-json\/wp\/v2\/users\/1"}],"replies":[{"embeddable":true,"href":"https:\/\/pcce.com.ar\/pcce\/wp-json\/wp\/v2\/comments?post=4802"}],"version-history":[{"count":0,"href":"https:\/\/pcce.com.ar\/pcce\/wp-json\/wp\/v2\/posts\/4802\/revisions"}],"wp:featuredmedia":[{"embeddable":true,"href":"https:\/\/pcce.com.ar\/pcce\/wp-json\/wp\/v2\/media\/4605"}],"wp:attachment":[{"href":"https:\/\/pcce.com.ar\/pcce\/wp-json\/wp\/v2\/media?parent=4802"}],"wp:term":[{"taxonomy":"category","embeddable":true,"href":"https:\/\/pcce.com.ar\/pcce\/wp-json\/wp\/v2\/categories?post=4802"},{"taxonomy":"post_tag","embeddable":true,"href":"https:\/\/pcce.com.ar\/pcce\/wp-json\/wp\/v2\/tags?post=4802"}],"curies":[{"name":"wp","href":"https:\/\/api.w.org\/{rel}","templated":true}]}}