{"id":4835,"date":"2020-07-09T01:41:06","date_gmt":"2020-07-09T04:41:06","guid":{"rendered":"https:\/\/pcce.com.ar\/pcce\/?p=4835"},"modified":"2020-07-09T01:41:06","modified_gmt":"2020-07-09T04:41:06","slug":"latam-charla-con-trabajadores-aeronauticos","status":"publish","type":"post","link":"https:\/\/pcce.com.ar\/pcce\/2020\/07\/09\/latam-charla-con-trabajadores-aeronauticos\/","title":{"rendered":"LATAM: Charla con trabajadores aeron\u00e1uticos"},"content":{"rendered":"<p class=\"capitular-texto-gral\">Esta vez por v\u00eda virtual para cumplir con la cuarentena, se llev\u00f3 a cabo una charla abierta de trabajadores aeron\u00e1uticos para intercambiar sobre la situaci\u00f3n del pa\u00eds y el rol de la clase obrera dentro del proyecto del Frente de Todos.<\/p>\n<p class=\"texto-general\">Nuestro compa\u00f1ero Iv\u00e1n Vel\u00e1zquez inici\u00f3 la reuni\u00f3n destacando la importancia de estas instancias para intercambiar opiniones y experiencias en un marco de fuerte ofensiva de la derecha contra el gobierno y los derechos de los trabajadores. Luego se abri\u00f3 un rico debate del que participaron trabajadores de Aeroparque y Ezeiza. Se destacaron adem\u00e1s diversas experiencias solidarias en diversos lugares del GBA, algunas impulsadas desde el gremio y otras desde distintas expresiones pol\u00edticas y sociales.<\/p>\n<p class=\"texto-general\">La realidad del sector aeron\u00e1utico no est\u00e1 exenta de la crisis que atraviesa nuestro pa\u00eds y el mundo, donde la pandemia puso sobre la superficie la absoluta desigualdad que genera el modelo neoliberal. La amenaza de la multinacional Latam de irse del pa\u00eds dejando m\u00e1s de 1700 trabajadores en la calle es expresi\u00f3n de ello. Se trata de una clara extorsi\u00f3n al gobierno y a los trabajadores, luego de estar 3 meses pagando el 50% de los salarios (con plata del Estado), forzando ahora a los trabajadores a aceptar retiros voluntarios.<\/p>\n<p class=\"texto-general\">Esta actitud extorsiva por parte de la multinacional cuenta con marco en las pol\u00edticas de desregulaci\u00f3n aerocomercial que impuls\u00f3 Mauricio Macri y su Ministro de Transporte Dietrich, promoviendo la creaci\u00f3n de empresas Low Cost, entregando las mejores rutas de cabotaje a Latam, y buscando el permanente vaciamiento de la aerol\u00ednea de bandera.<\/p>\n<p class=\"texto-general\">En este maco, entendemos que es m\u00e1s que necesaria la derogaci\u00f3n del decreto de desregulaci\u00f3n de rampas y creemos necesaria una mayor presencia de los ministerios de Trabajo y Transporte en conflictos como el de Latam. Adem\u00e1s, consideramos que la continuidad de Ceos macristras en puestos gerenciales de las empresas estatales no debe durar mucho tiempo m\u00e1s.<\/p>\n<p class=\"texto-general\">Reconstruir una pol\u00edtica aerocomercial soberana, donde los derechos de los trabajadores no sean avasallados, requerir\u00e1 de mucha firmeza por parte de nuestro gobierno, pero tanto o m\u00e1s de mucha conciencia, organizaci\u00f3n y disposici\u00f3n a la lucha por parte de los trabajadores quienes, como bien expres\u00f3 un compa\u00f1ero delegado en la reuni\u00f3n, no vamos a dejar s\u00f3lo a Alberto frente a la ofensiva desestabilizadora de la derecha.<\/p>\n","protected":false},"excerpt":{"rendered":"<p>Esta vez por v\u00eda virtual para cumplir con la cuarentena, se llev\u00f3 a cabo una charla abierta de trabajadores aeron\u00e1uticos para intercambiar sobre la situaci\u00f3n del pa\u00eds y el rol de la clase obrera dentro del proyecto del Frente de Todos. Nuestro compa\u00f1ero Iv\u00e1n Vel\u00e1zquez inici\u00f3 la reuni\u00f3n destacando la importancia de estas instancias para [&hellip;]<\/p>\n","protected":false},"author":1,"featured_media":4836,"comment_status":"closed","ping_status":"closed","sticky":false,"template":"","format":"standard","meta":{"tdm_status":"","tdm_grid_status":"","footnotes":""},"categories":[38,9],"tags":[],"class_list":["post-4835","post","type-post","status-publish","format-standard","has-post-thumbnail","hentry","category-sindical","category-vidadepartido"],"_links":{"self":[{"href":"https:\/\/pcce.com.ar\/pcce\/wp-json\/wp\/v2\/posts\/4835","targetHints":{"allow":["GET"]}}],"collection":[{"href":"https:\/\/pcce.com.ar\/pcce\/wp-json\/wp\/v2\/posts"}],"about":[{"href":"https:\/\/pcce.com.ar\/pcce\/wp-json\/wp\/v2\/types\/post"}],"author":[{"embeddable":true,"href":"https:\/\/pcce.com.ar\/pcce\/wp-json\/wp\/v2\/users\/1"}],"replies":[{"embeddable":true,"href":"https:\/\/pcce.com.ar\/pcce\/wp-json\/wp\/v2\/comments?post=4835"}],"version-history":[{"count":0,"href":"https:\/\/pcce.com.ar\/pcce\/wp-json\/wp\/v2\/posts\/4835\/revisions"}],"wp:featuredmedia":[{"embeddable":true,"href":"https:\/\/pcce.com.ar\/pcce\/wp-json\/wp\/v2\/media\/4836"}],"wp:attachment":[{"href":"https:\/\/pcce.com.ar\/pcce\/wp-json\/wp\/v2\/media?parent=4835"}],"wp:term":[{"taxonomy":"category","embeddable":true,"href":"https:\/\/pcce.com.ar\/pcce\/wp-json\/wp\/v2\/categories?post=4835"},{"taxonomy":"post_tag","embeddable":true,"href":"https:\/\/pcce.com.ar\/pcce\/wp-json\/wp\/v2\/tags?post=4835"}],"curies":[{"name":"wp","href":"https:\/\/api.w.org\/{rel}","templated":true}]}}