{"id":4838,"date":"2020-07-09T01:42:43","date_gmt":"2020-07-09T04:42:43","guid":{"rendered":"https:\/\/pcce.com.ar\/pcce\/?p=4838"},"modified":"2020-07-09T01:42:43","modified_gmt":"2020-07-09T04:42:43","slug":"general-rodriguez-gestion-y-ofensiva","status":"publish","type":"post","link":"https:\/\/pcce.com.ar\/pcce\/2020\/07\/09\/general-rodriguez-gestion-y-ofensiva\/","title":{"rendered":"GENERAL RODR\u00cdGUEZ: Gesti\u00f3n y ofensiva"},"content":{"rendered":"<p class=\"capitular-texto-gral\">El \u00faltimo 25 de junio se desarroll\u00f3 una sesi\u00f3n extraordinaria del Concejo Deliberante de General Rodr\u00edguez en el que particip\u00f3 el camarada y concejal Fernando Vera. En el marco de su intervenci\u00f3n, el compa\u00f1ero Fernando manifest\u00f3 la necesidad de hacer frente a la crisis econ\u00f3mica y social y apunt\u00f3 a los sectores con mayor capacidad contributiva como los countries, que a la fecha mantienen una deuda de casi 300 millones de pesos en Rodr\u00edguez. De esta manera se podr\u00eda aliviar al municipio y a la propia poblaci\u00f3n que vienen haciendo un esfuerzo muy importante.<\/p>\n<p class=\"texto-general\">En la misma sinton\u00eda se refiri\u00f3 a la intervenci\u00f3n de la cerealera Vicent\u00edn como un modo de rescatar recursos para paliar la crisis que el pa\u00eds arrastra desde la experiencia neoliberal del macrismo y que se agudiz\u00f3 con la pandemia. Al describir el caso manifest\u00f3 que \u201ces importante tener en claro que estamos hablando de dos modelos de pa\u00eds\u201d, y tras una dura cr\u00edtica al macrismo local por acordarse tarde de la importancia que tiene el rol del Estado para regular la econom\u00eda, asever\u00f3 que \u201cel problema en s\u00ed no es Vicent\u00edn, sino que el problema es de clase\u201d.<\/p>\n","protected":false},"excerpt":{"rendered":"<p>El \u00faltimo 25 de junio se desarroll\u00f3 una sesi\u00f3n extraordinaria del Concejo Deliberante de General Rodr\u00edguez en el que particip\u00f3 el camarada y concejal Fernando Vera. En el marco de su intervenci\u00f3n, el compa\u00f1ero Fernando manifest\u00f3 la necesidad de hacer frente a la crisis econ\u00f3mica y social y apunt\u00f3 a los sectores con mayor capacidad [&hellip;]<\/p>\n","protected":false},"author":1,"featured_media":4813,"comment_status":"closed","ping_status":"closed","sticky":false,"template":"","format":"standard","meta":{"tdm_status":"","tdm_grid_status":"","footnotes":""},"categories":[4,9],"tags":[],"class_list":["post-4838","post","type-post","status-publish","format-standard","has-post-thumbnail","hentry","category-featured","category-vidadepartido"],"_links":{"self":[{"href":"https:\/\/pcce.com.ar\/pcce\/wp-json\/wp\/v2\/posts\/4838","targetHints":{"allow":["GET"]}}],"collection":[{"href":"https:\/\/pcce.com.ar\/pcce\/wp-json\/wp\/v2\/posts"}],"about":[{"href":"https:\/\/pcce.com.ar\/pcce\/wp-json\/wp\/v2\/types\/post"}],"author":[{"embeddable":true,"href":"https:\/\/pcce.com.ar\/pcce\/wp-json\/wp\/v2\/users\/1"}],"replies":[{"embeddable":true,"href":"https:\/\/pcce.com.ar\/pcce\/wp-json\/wp\/v2\/comments?post=4838"}],"version-history":[{"count":0,"href":"https:\/\/pcce.com.ar\/pcce\/wp-json\/wp\/v2\/posts\/4838\/revisions"}],"wp:featuredmedia":[{"embeddable":true,"href":"https:\/\/pcce.com.ar\/pcce\/wp-json\/wp\/v2\/media\/4813"}],"wp:attachment":[{"href":"https:\/\/pcce.com.ar\/pcce\/wp-json\/wp\/v2\/media?parent=4838"}],"wp:term":[{"taxonomy":"category","embeddable":true,"href":"https:\/\/pcce.com.ar\/pcce\/wp-json\/wp\/v2\/categories?post=4838"},{"taxonomy":"post_tag","embeddable":true,"href":"https:\/\/pcce.com.ar\/pcce\/wp-json\/wp\/v2\/tags?post=4838"}],"curies":[{"name":"wp","href":"https:\/\/api.w.org\/{rel}","templated":true}]}}