{"id":4882,"date":"2020-07-23T17:32:49","date_gmt":"2020-07-23T20:32:49","guid":{"rendered":"https:\/\/pcce.com.ar\/pcce\/?p=4882"},"modified":"2020-07-23T17:32:49","modified_gmt":"2020-07-23T20:32:49","slug":"vida-de-partido-virtualidad-y-lucha-de-ideas","status":"publish","type":"post","link":"https:\/\/pcce.com.ar\/pcce\/2020\/07\/23\/vida-de-partido-virtualidad-y-lucha-de-ideas\/","title":{"rendered":"VIDA DE PARTIDO: Virtualidad y lucha  de ideas"},"content":{"rendered":"<div class=\"story\"><\/div>\n<div class=\"story\">\n<p class=\"basic-paragraph\">En distintas l\u00edneas de trabajo el Partido contin\u00faa dando signos de que no hay pandemia que le ponga l\u00edmites. En los \u00faltimos d\u00edas m\u00faltiples iniciativas virtuales se llevaron la atenci\u00f3n de muchos y muchas.<\/p>\n<\/div>\n<div class=\"story\">\n<p class=\"texto-general\">En el marco del ciclo Charlas Militantes organizado desde el regional La Plata, conversamos con el camarada Norberto Merino, abogado y docente, sobre los elementos y la vigencia del cl\u00e1sico marxista La ideolog\u00eda alemana.<\/p>\n<p class=\"texto-general\">En la misma l\u00ednea se realiz\u00f3 en el Centro Cultural El Tu\u00f1\u00f3n el III Encuentro de Arte y Trabajo organizado por estudiantes y docentes de Artes Visuales de Avellaneda, donde se discuti\u00f3 el rol que ocupan los artistas y trabajadores de la cultura durante la pandemia. Tambi\u00e9n se destacaron los encuentros virtuales abiertos organizados desde la UNLa y los camaradas de Brown en los que se abordaron temas como salud mental, las fakes news y el modelo sanitario a partir de la pandemia.<\/p>\n<p class=\"texto-general\">Por el lado de Tres de Febrero sobresali\u00f3 una charla abierta virtual con vecinos y contactos de distintos barrios para continuar discutiendo la coyuntura pol\u00edtica actual y las luchas que se avecinan.<\/p>\n<p class=\"texto-general\">El 9 de julio, D\u00eda de la Independencia, no pas\u00f3 desapercibido tampoco. \u201cInclusi\u00f3n e independencia suponen la conquista de la igualdad\u201d fue el t\u00edtulo que llev\u00f3 la pe\u00f1a virtual orquestada desde el Centro Cultural Mercedes Sosa en la que nos deleitaron con m\u00fasica popular e im\u00e1genes de nuestra Patria.<\/p>\n<p class=\"texto-general\">En el regional norte de la provincia de Buenos Aires se destacaron las participaciones de la camarada Camila Tizzano como presidenta del centro de estudiantes del Terciario 52 de San Mart\u00edn en una charla sobre Educaci\u00f3n y Pol\u00edtica junto a Teresa Garc\u00eda (Ministra de Gobierno) y Claudia Bracchi (Viceministra de Educaci\u00f3n provincial), y de Pedro de Bernardis en otra junto a la diputada nacional Blanca Osuna en Vicente L\u00f3pez.<\/p>\n<p class=\"texto-general\">Por \u00faltimo, amplia participaci\u00f3n tuvo la charla en vivo que realizaron los secundarios con uno de los responsables de la popular p\u00e1gina Memes Marxistas-Leninistas en la que se abord\u00f3 el humor como herramienta para la batalla de ideas.<\/p>\n<\/div>\n","protected":false},"excerpt":{"rendered":"<p>En distintas l\u00edneas de trabajo el Partido contin\u00faa dando signos de que no hay pandemia que le ponga l\u00edmites. En los \u00faltimos d\u00edas m\u00faltiples iniciativas virtuales se llevaron la atenci\u00f3n de muchos y muchas. En el marco del ciclo Charlas Militantes organizado desde el regional La Plata, conversamos con el camarada Norberto Merino, abogado y [&hellip;]<\/p>\n","protected":false},"author":1,"featured_media":3960,"comment_status":"closed","ping_status":"closed","sticky":false,"template":"","format":"standard","meta":{"tdm_status":"","tdm_grid_status":"","footnotes":""},"categories":[9],"tags":[],"class_list":["post-4882","post","type-post","status-publish","format-standard","has-post-thumbnail","hentry","category-vidadepartido"],"_links":{"self":[{"href":"https:\/\/pcce.com.ar\/pcce\/wp-json\/wp\/v2\/posts\/4882","targetHints":{"allow":["GET"]}}],"collection":[{"href":"https:\/\/pcce.com.ar\/pcce\/wp-json\/wp\/v2\/posts"}],"about":[{"href":"https:\/\/pcce.com.ar\/pcce\/wp-json\/wp\/v2\/types\/post"}],"author":[{"embeddable":true,"href":"https:\/\/pcce.com.ar\/pcce\/wp-json\/wp\/v2\/users\/1"}],"replies":[{"embeddable":true,"href":"https:\/\/pcce.com.ar\/pcce\/wp-json\/wp\/v2\/comments?post=4882"}],"version-history":[{"count":0,"href":"https:\/\/pcce.com.ar\/pcce\/wp-json\/wp\/v2\/posts\/4882\/revisions"}],"wp:featuredmedia":[{"embeddable":true,"href":"https:\/\/pcce.com.ar\/pcce\/wp-json\/wp\/v2\/media\/3960"}],"wp:attachment":[{"href":"https:\/\/pcce.com.ar\/pcce\/wp-json\/wp\/v2\/media?parent=4882"}],"wp:term":[{"taxonomy":"category","embeddable":true,"href":"https:\/\/pcce.com.ar\/pcce\/wp-json\/wp\/v2\/categories?post=4882"},{"taxonomy":"post_tag","embeddable":true,"href":"https:\/\/pcce.com.ar\/pcce\/wp-json\/wp\/v2\/tags?post=4882"}],"curies":[{"name":"wp","href":"https:\/\/api.w.org\/{rel}","templated":true}]}}