{"id":4941,"date":"2020-08-06T20:36:48","date_gmt":"2020-08-06T23:36:48","guid":{"rendered":"https:\/\/pcce.com.ar\/pcce\/?p=4941"},"modified":"2020-08-06T20:36:48","modified_gmt":"2020-08-06T23:36:48","slug":"salud-en-caba-basta-de-verso-larreta","status":"publish","type":"post","link":"https:\/\/pcce.com.ar\/pcce\/2020\/08\/06\/salud-en-caba-basta-de-verso-larreta\/","title":{"rendered":"SALUD EN CABA: Basta de verso Larreta"},"content":{"rendered":"<p class=\"capitular-texto-gral\">Fieles con el estilo macrista y su modelo neoliberal, Horacio Larreta y el ministro de salud Fern\u00e1n Gonz\u00e1lez Bernaldo de Quir\u00f3s han sostenido desde el comienzo de la pandemia una campa\u00f1a de declaraciones medi\u00e1ticas sobre el estado de la salud en CABA que no se condice con lo que hemos vivido los trabajadorxs durante estos meses. En la Ciudad contin\u00faa el modelo de negocios a costa del pueblo y precarizaci\u00f3n laboral que empuja al pluri-empleo.<\/p>\n<p class=\"texto-general\">Desde el comienzo de la cuarentena, el gobierno de la Ciudad mostr\u00f3 su l\u00f3gica, con negocios millonarios para la compra de insumos que nunca llegaron a los hospitales; ausencia del ministerio porte\u00f1o en la coordinaci\u00f3n del sistema de salud que llevan a peligrosas arbitrariedades e improvisaciones por parte de los directores y funcionarios en hospitales y centros de atenci\u00f3n primaria; camas de internaci\u00f3n nuevas que vienen a suplantar las m\u00e1s de 500 que se perdieron desde que el PRO lleg\u00f3 a la ciudad en 2007; sub-contrataciones de profesionales mediante consultoras para brindar atenci\u00f3n en dispositivos extra-hospitalarios como el que funciona en el Centro Costa Salguero.<\/p>\n<p class=\"texto-general\">Situaciones estas por las que ATE CAPITAL ha reclamado espacios de discusi\u00f3n con el gobierno de Larreta. Pero aun habiendo transcurrido 5 meses de pandemia e incumpliendo dos fallos judiciales, el gobierno de la Ciudad contin\u00faa sin brindar informaci\u00f3n clara sobre la entrega de Equipos de Protecci\u00f3n Personal, cantidad de trabajadorxs contagiados, ni permite tampoco participar del Comit\u00e9 Operativo de Crisis u otros espacios de discusi\u00f3n con lxs trabajadorxs.<\/p>\n<p class=\"texto-general\">Se pueden instalar nuevas camas de internaci\u00f3n, se pueden adquirir respiradores, pero el l\u00edmite del sistema estar\u00e1 dado por los profesionales disponibles para hacer funcionar esos espacios. Mientras el sistema de salud se fatiga, Larreta apuesta por el colapso.<\/p>\n","protected":false},"excerpt":{"rendered":"<p>Fieles con el estilo macrista y su modelo neoliberal, Horacio Larreta y el ministro de salud Fern\u00e1n Gonz\u00e1lez Bernaldo de Quir\u00f3s han sostenido desde el comienzo de la pandemia una campa\u00f1a de declaraciones medi\u00e1ticas sobre el estado de la salud en CABA que no se condice con lo que hemos vivido los trabajadorxs durante estos [&hellip;]<\/p>\n","protected":false},"author":1,"featured_media":4942,"comment_status":"closed","ping_status":"closed","sticky":false,"template":"","format":"standard","meta":{"tdm_status":"","tdm_grid_status":"","footnotes":""},"categories":[38,9],"tags":[],"class_list":["post-4941","post","type-post","status-publish","format-standard","has-post-thumbnail","hentry","category-sindical","category-vidadepartido"],"_links":{"self":[{"href":"https:\/\/pcce.com.ar\/pcce\/wp-json\/wp\/v2\/posts\/4941","targetHints":{"allow":["GET"]}}],"collection":[{"href":"https:\/\/pcce.com.ar\/pcce\/wp-json\/wp\/v2\/posts"}],"about":[{"href":"https:\/\/pcce.com.ar\/pcce\/wp-json\/wp\/v2\/types\/post"}],"author":[{"embeddable":true,"href":"https:\/\/pcce.com.ar\/pcce\/wp-json\/wp\/v2\/users\/1"}],"replies":[{"embeddable":true,"href":"https:\/\/pcce.com.ar\/pcce\/wp-json\/wp\/v2\/comments?post=4941"}],"version-history":[{"count":0,"href":"https:\/\/pcce.com.ar\/pcce\/wp-json\/wp\/v2\/posts\/4941\/revisions"}],"wp:featuredmedia":[{"embeddable":true,"href":"https:\/\/pcce.com.ar\/pcce\/wp-json\/wp\/v2\/media\/4942"}],"wp:attachment":[{"href":"https:\/\/pcce.com.ar\/pcce\/wp-json\/wp\/v2\/media?parent=4941"}],"wp:term":[{"taxonomy":"category","embeddable":true,"href":"https:\/\/pcce.com.ar\/pcce\/wp-json\/wp\/v2\/categories?post=4941"},{"taxonomy":"post_tag","embeddable":true,"href":"https:\/\/pcce.com.ar\/pcce\/wp-json\/wp\/v2\/tags?post=4941"}],"curies":[{"name":"wp","href":"https:\/\/api.w.org\/{rel}","templated":true}]}}