{"id":4948,"date":"2020-08-06T20:49:10","date_gmt":"2020-08-06T23:49:10","guid":{"rendered":"https:\/\/pcce.com.ar\/pcce\/?p=4948"},"modified":"2020-08-06T20:49:52","modified_gmt":"2020-08-06T23:49:52","slug":"basta-de-saqueo-mas-reclamo-para-edesurs","status":"publish","type":"post","link":"https:\/\/pcce.com.ar\/pcce\/2020\/08\/06\/basta-de-saqueo-mas-reclamo-para-edesurs\/","title":{"rendered":"BASTA DE SAQUEO: M\u00e1s reclamos para EDESUR"},"content":{"rendered":"<div class=\"group\">\n<div class=\"story\">\n<p class=\"basic-paragraph\">El 75% de las vecinas y vecinos de la Provincia est\u00e1 disconforme con la prestaci\u00f3n.<\/p>\n<\/div>\n<\/div>\n<div class=\"story\">\n<p class=\"capitular-texto-gral\">La puja con las principales distribuidoras de energ\u00eda contin\u00faan, y cada vez se suman m\u00e1s voces de descontento. Intendentes, legisladores nacionales, provinciales y municipales contin\u00faan avanzando en desnudar lo bochornoso que fue el acuerdo entre la gesti\u00f3n macrista y las distribuidoras. El 75 por ciento de los vecinos est\u00e1 disconforme con la prestaci\u00f3n.<\/p>\n<p class=\"texto-general\">Durante las \u00faltimas semanas, intendentes de la tercera secci\u00f3n electoral llevaron adelante el reclamo de los vecinos y las vecinas de la Provincia de Buenos Aires, quienes fueron los principales afectados por los repetitivos cortes de electricidad. No solo los jefes y jefas comunales deben lidiar con los malos servicios, sino que tambi\u00e9n deben hacerse cargo de pagar una deuda que la ex gobernadora, Mar\u00eda Eugenia Vidal, les traslad\u00f3.<\/p>\n<p class=\"texto-general\">Las principales distribuidoras el\u00e9ctricas que operan en el \u00c1rea Metropolitana de Buenos Aires (AMBA), Edesur y Edenor, se beneficiaron de sobremanera con la pol\u00edtica econ\u00f3mica ejecutada en la gesti\u00f3n anterior, puesto que sus ingresos aumentaron muy por encima de la inflaci\u00f3n registrada, a pesar de que la calidad del servicio sigue siendo muy bajo.<\/p>\n<p class=\"texto-general\">A partir del informe elaborado por el ENRE, se recomend\u00f3 la anulaci\u00f3n de la RTI (Revisi\u00f3n Tarifaria Integral) llevada a cabo por la administraci\u00f3n anterior. Los argumentos esgrimidos por el ente regulador le dan la potestad al Ejecutivo nacional para iniciar negociaciones con las distribuidoras del AMBA, Edenor y Edesur, a fin de dar comienzo a una nueva etapa en la prestaci\u00f3n del servicio, con la accesibilidad del servicio a tarifas justas y teniendo presente la realidad macroecon\u00f3mica por la que est\u00e1 atravesando el pa\u00eds.<\/p>\n<p class=\"texto-general\">Es importante destacar que a las distribuidoras, a contramano de la mayor\u00eda de las empresas de la econom\u00eda argentina en los \u00faltimos 4 a\u00f1os y medio, les fue bastante bien. Tanto en 2018 como en 2019, el patrimonio neto de estas empresas creci\u00f3 en t\u00e9rminos reales en ambas ocasiones. En 2018, Edesur increment\u00f3 su patrimonio neto un 15,3% mientras que Edenor un 11,4%. En 2019, aument\u00f3 a\u00fan m\u00e1s el patrimonio de ambas, teniendo Edesur un incremento de 35,6% y Edenor un 24,2%. Esto a pesar de la mala calidad del servicio, por ende su rentabilidad no fue acompa\u00f1ada por las inversiones necesarias.<\/p>\n<p class=\"texto-general\">La gesti\u00f3n macrista dej\u00f3 en libertad de acci\u00f3n a las empresas hegem\u00f3nicas, dejando a los usuarios como rehenes de los malos servicios. Es importante que el gobierno utilice los instrumentos necesarios para avanzar en la defensa de los vecinos y vecinas, como as\u00ed tambi\u00e9n en la direcci\u00f3n y orientaci\u00f3n de los recursos del Estado.<\/p>\n<\/div>\n","protected":false},"excerpt":{"rendered":"<p>El 75% de las vecinas y vecinos de la Provincia est\u00e1 disconforme con la prestaci\u00f3n. La puja con las principales distribuidoras de energ\u00eda contin\u00faan, y cada vez se suman m\u00e1s voces de descontento. Intendentes, legisladores nacionales, provinciales y municipales contin\u00faan avanzando en desnudar lo bochornoso que fue el acuerdo entre la gesti\u00f3n macrista y las [&hellip;]<\/p>\n","protected":false},"author":1,"featured_media":4910,"comment_status":"closed","ping_status":"closed","sticky":false,"template":"","format":"standard","meta":{"tdm_status":"","tdm_grid_status":"","footnotes":""},"categories":[4,39],"tags":[],"class_list":["post-4948","post","type-post","status-publish","format-standard","has-post-thumbnail","hentry","category-featured","category-nota-central"],"_links":{"self":[{"href":"https:\/\/pcce.com.ar\/pcce\/wp-json\/wp\/v2\/posts\/4948","targetHints":{"allow":["GET"]}}],"collection":[{"href":"https:\/\/pcce.com.ar\/pcce\/wp-json\/wp\/v2\/posts"}],"about":[{"href":"https:\/\/pcce.com.ar\/pcce\/wp-json\/wp\/v2\/types\/post"}],"author":[{"embeddable":true,"href":"https:\/\/pcce.com.ar\/pcce\/wp-json\/wp\/v2\/users\/1"}],"replies":[{"embeddable":true,"href":"https:\/\/pcce.com.ar\/pcce\/wp-json\/wp\/v2\/comments?post=4948"}],"version-history":[{"count":0,"href":"https:\/\/pcce.com.ar\/pcce\/wp-json\/wp\/v2\/posts\/4948\/revisions"}],"wp:featuredmedia":[{"embeddable":true,"href":"https:\/\/pcce.com.ar\/pcce\/wp-json\/wp\/v2\/media\/4910"}],"wp:attachment":[{"href":"https:\/\/pcce.com.ar\/pcce\/wp-json\/wp\/v2\/media?parent=4948"}],"wp:term":[{"taxonomy":"category","embeddable":true,"href":"https:\/\/pcce.com.ar\/pcce\/wp-json\/wp\/v2\/categories?post=4948"},{"taxonomy":"post_tag","embeddable":true,"href":"https:\/\/pcce.com.ar\/pcce\/wp-json\/wp\/v2\/tags?post=4948"}],"curies":[{"name":"wp","href":"https:\/\/api.w.org\/{rel}","templated":true}]}}