{"id":4950,"date":"2020-08-06T20:52:15","date_gmt":"2020-08-06T23:52:15","guid":{"rendered":"https:\/\/pcce.com.ar\/pcce\/?p=4950"},"modified":"2020-08-06T20:52:15","modified_gmt":"2020-08-06T23:52:15","slug":"un-icono-de-inclusion-social-volvio-el-procrear","status":"publish","type":"post","link":"https:\/\/pcce.com.ar\/pcce\/2020\/08\/06\/un-icono-de-inclusion-social-volvio-el-procrear\/","title":{"rendered":"UN \u00cdCONO DE INCLUSI\u00d3N SOCIAL: Volvi\u00f3 el  PROCREAR"},"content":{"rendered":"<p class=\"capitular-texto-gral\">El mismo martes en que se confirm\u00f3 el acuerdo por la deuda con los acreedores privados, Alberto Fern\u00e1ndez anunci\u00f3 en Olivos, junto a Mar\u00eda Eugenia Bielsa y Fernanda Raverta, Ministra de Desarrollo Territorial y H\u00e1bitat y titular de ANSES respectivamente, el lanzamiento del Plan PROCREAR: un conjunto de l\u00edneas de cr\u00e9dito para vivienda, que fue una de las m\u00e1s importantes pol\u00edticas de inclusi\u00f3n en la gesti\u00f3n de Cristina.<\/p>\n<p class=\"texto-general\">A partir de sus nueve l\u00edneas (4 personales; 5 hipotecarios), el plan propone brindar 300 mil soluciones, entre cr\u00e9ditos personales e hipotecarios, que van desde el mejoramiento de la vivienda existente hasta viviendas nuevas en desarrollos urban\u00edsticos. Esta pol\u00edtica significa la posibilidad concreta de acceder a la vivienda propia para las clases medias, a tasas fijas y cuotas posibles, en contraposici\u00f3n a la especulaci\u00f3n de los cr\u00e9ditos UVA, la pol\u00edtica de h\u00e1bitat del macrismo, que m\u00e1s que esto fue una verdadera estafa.<\/p>\n<p class=\"texto-general\">Este retorno al Procrear supone una inversi\u00f3n de 25.000 millones de pesos, para poner en marcha una pol\u00edtica de inclusi\u00f3n territorial en un contexto en el que en nuestro pa\u00eds se calcula la existencia de 3 millones de viviendas, mientras que hay 2 millones de unidades ociosas y m\u00e1s de 4400 barrios populares. Tambi\u00e9n ser\u00e1 un motor para el empleo, ya que se generar\u00e1n puestos de trabajo en el sector de la construcci\u00f3n.<\/p>\n<p class=\"texto-general\">Actualmente solo est\u00e1 abierta la inscripci\u00f3n para las dos primeras l\u00edneas, que en conjunto suman 190.000 cr\u00e9ditos: Microcr\u00e9ditos y Mejoramientos Refacci\u00f3n, a trav\u00e9s de la p\u00e1gina oficial del Ministerio. Y los requisitos para los cr\u00e9ditos personales ser\u00e1n tener entre 18 y 68 a\u00f1os al momento de acceder al cr\u00e9dito; 12 meses de antig\u00fcedad laboral; e incluye beneficiarios\/as Procrear.<\/p>\n<p class=\"texto-general\">Hace 8 a\u00f1os bajo la presidencia de Cristina Kirchner, se construyeron 30 mil viviendas, 40 mil soluciones habitacionales, se otorgaron 110 mil cr\u00e9ditos para viviendas en lote propio y se invirtieron 39 mil millones de pesos, seg\u00fan datos del Ministerio de Econom\u00eda y del Ministerio de H\u00e1bitat; gener\u00f3 m\u00e1s de 800.000 puestos de trabajo, entre directos e indirectos, reactiv\u00f3 el sector de la construcci\u00f3n; y signific\u00f3 la concreci\u00f3n del sue\u00f1o de la casa propia para miles de familias argentinas.<\/p>\n","protected":false},"excerpt":{"rendered":"<p>El mismo martes en que se confirm\u00f3 el acuerdo por la deuda con los acreedores privados, Alberto Fern\u00e1ndez anunci\u00f3 en Olivos, junto a Mar\u00eda Eugenia Bielsa y Fernanda Raverta, Ministra de Desarrollo Territorial y H\u00e1bitat y titular de ANSES respectivamente, el lanzamiento del Plan PROCREAR: un conjunto de l\u00edneas de cr\u00e9dito para vivienda, que fue [&hellip;]<\/p>\n","protected":false},"author":1,"featured_media":4914,"comment_status":"closed","ping_status":"closed","sticky":false,"template":"","format":"standard","meta":{"tdm_status":"","tdm_grid_status":"","footnotes":""},"categories":[4,39],"tags":[],"class_list":["post-4950","post","type-post","status-publish","format-standard","has-post-thumbnail","hentry","category-featured","category-nota-central"],"_links":{"self":[{"href":"https:\/\/pcce.com.ar\/pcce\/wp-json\/wp\/v2\/posts\/4950","targetHints":{"allow":["GET"]}}],"collection":[{"href":"https:\/\/pcce.com.ar\/pcce\/wp-json\/wp\/v2\/posts"}],"about":[{"href":"https:\/\/pcce.com.ar\/pcce\/wp-json\/wp\/v2\/types\/post"}],"author":[{"embeddable":true,"href":"https:\/\/pcce.com.ar\/pcce\/wp-json\/wp\/v2\/users\/1"}],"replies":[{"embeddable":true,"href":"https:\/\/pcce.com.ar\/pcce\/wp-json\/wp\/v2\/comments?post=4950"}],"version-history":[{"count":0,"href":"https:\/\/pcce.com.ar\/pcce\/wp-json\/wp\/v2\/posts\/4950\/revisions"}],"wp:featuredmedia":[{"embeddable":true,"href":"https:\/\/pcce.com.ar\/pcce\/wp-json\/wp\/v2\/media\/4914"}],"wp:attachment":[{"href":"https:\/\/pcce.com.ar\/pcce\/wp-json\/wp\/v2\/media?parent=4950"}],"wp:term":[{"taxonomy":"category","embeddable":true,"href":"https:\/\/pcce.com.ar\/pcce\/wp-json\/wp\/v2\/categories?post=4950"},{"taxonomy":"post_tag","embeddable":true,"href":"https:\/\/pcce.com.ar\/pcce\/wp-json\/wp\/v2\/tags?post=4950"}],"curies":[{"name":"wp","href":"https:\/\/api.w.org\/{rel}","templated":true}]}}