{"id":4958,"date":"2020-08-07T20:11:35","date_gmt":"2020-08-07T23:11:35","guid":{"rendered":"https:\/\/pcce.com.ar\/pcce\/?p=4958"},"modified":"2020-08-07T20:29:34","modified_gmt":"2020-08-07T23:29:34","slug":"hasta-la-victoria-siempre-nora-etchenique","status":"publish","type":"post","link":"https:\/\/pcce.com.ar\/pcce\/2020\/08\/07\/hasta-la-victoria-siempre-nora-etchenique\/","title":{"rendered":"\u00a1Hasta la victoria siempre Nora Etchenique!"},"content":{"rendered":"<p><strong><img loading=\"lazy\" decoding=\"async\" class=\"aligncenter size-full wp-image-4959\" src=\"https:\/\/pcce.com.ar\/pcce\/wp-content\/uploads\/2020\/08\/Imagen-1.png\" alt=\"\" width=\"1014\" height=\"241\" srcset=\"https:\/\/pcce.com.ar\/pcce\/wp-content\/uploads\/2020\/08\/Imagen-1.png 1014w, https:\/\/pcce.com.ar\/pcce\/wp-content\/uploads\/2020\/08\/Imagen-1-300x71.png 300w, https:\/\/pcce.com.ar\/pcce\/wp-content\/uploads\/2020\/08\/Imagen-1-768x183.png 768w, https:\/\/pcce.com.ar\/pcce\/wp-content\/uploads\/2020\/08\/Imagen-1-640x152.png 640w, https:\/\/pcce.com.ar\/pcce\/wp-content\/uploads\/2020\/08\/Imagen-1-681x162.png 681w\" sizes=\"auto, (max-width: 1014px) 100vw, 1014px\" \/> \u00a1Hasta la victoria siempre Nora Etchenique!<\/strong><\/p>\n<p>Hoy nos enteramos del fallecimiento de la compa\u00f1era Nora Etchenique, Directora del Instituto de Hemoterapia de la provincia de Buenos Aires. Perdi\u00f3 su vida en un accidente automovil\u00edstico mientras cumpl\u00eda funciones en el marco de la dura batalla sanitaria que nuestro pa\u00eds libra frente a la pandemia del COVID-19.<\/p>\n<p>Nora fue hija del camarada Alejandro Etchenique, dirigente del Partido Comunista de la provincia de Buenos Aires, quien abon\u00f3 una extensa trayectoria militante en compa\u00f1\u00eda de consagrados comunistas de diferentes generaciones, como Raquel Levenson, Pedro Tadioli y Juan Ochipinti. En ese ambiente se cri\u00f3 la compa\u00f1era Nora.<\/p>\n<p>Siendo muy joven, con 14 a\u00f1os, se afili\u00f3 a la <em>Fede<\/em>. En abril de 1977 fue secuestrada junto a su padre durante un operativo de la Aeron\u00e1utica, ambos fueron llevados a la comisar\u00eda de Ramos Mej\u00eda, luego a la Base A\u00e9rea de Palomar y los terminaron separando en una seccional policial de Mor\u00f3n. Nora fue trasladada a la Mansi\u00f3n Ser\u00e9, el centro clandestino de detenci\u00f3n que la \u00faltima dictadura c\u00edvico-militar mont\u00f3 en Castelar, donde durante 15 d\u00edas fue torturada y luego la liberaron. Como sobreviviente de aquellos a\u00f1os, la compa\u00f1era Etchenique testimoni\u00f3 en 2014 en el juicio por Mansi\u00f3n Ser\u00e9, y contribuy\u00f3 a la constituci\u00f3n de la Espacio de la Memoria que all\u00ed funciona.<\/p>\n<p>En 1979, la compa\u00f1era recibi\u00f3 su t\u00edtulo universitario y en 1983 ingres\u00f3 en el Servicio de Hemoterapia del Hospital G\u00fcemes de Haedo. Permaneci\u00f3 en ese centro de salud por 17 a\u00f1os hasta llegar a ser la directora del servicio. Luego coordin\u00f3 el Instituto provincial en la regi\u00f3n sanitaria VII y en el a\u00f1o 2000 comenz\u00f3 a trabajar en el Ministerio de Salud bonaerense. Entre 2003 y 2015 fue Directora del Instituto de Hemoterapia provincial, desplazada luego por Mar\u00eda Eugenia Vidal. En diciembre pasado Axel Kicillof y Daniel Goll\u00e1n la convocaron para volver a dirigir el centro de donaci\u00f3n de sangre. All\u00ed le toc\u00f3 jugar un papel esencial en la tarea de donaci\u00f3n de plasma de pacientes recuperados de COVID-19.<\/p>\n<p>Muri\u00f3 poni\u00e9ndole el cuerpo a su vocaci\u00f3n y a sus convicciones.<\/p>\n<p><strong>Desde Partido Comunista Congreso Extraordinario (PCCE)<\/strong> queremos transmitir nuestro pesar, y hacemos llegar nuestras condolencias a sus familiares y seres queridos.<\/p>\n<p><strong>Buenos Aires, 7 de agosto de 2020.<\/strong><\/p>\n<p><strong><img loading=\"lazy\" decoding=\"async\" class=\"aligncenter size-full wp-image-4960\" src=\"https:\/\/pcce.com.ar\/pcce\/wp-content\/uploads\/2020\/08\/Imagen-2.png\" alt=\"\" width=\"1066\" height=\"64\" srcset=\"https:\/\/pcce.com.ar\/pcce\/wp-content\/uploads\/2020\/08\/Imagen-2.png 1066w, https:\/\/pcce.com.ar\/pcce\/wp-content\/uploads\/2020\/08\/Imagen-2-300x18.png 300w, https:\/\/pcce.com.ar\/pcce\/wp-content\/uploads\/2020\/08\/Imagen-2-1024x61.png 1024w, https:\/\/pcce.com.ar\/pcce\/wp-content\/uploads\/2020\/08\/Imagen-2-768x46.png 768w, https:\/\/pcce.com.ar\/pcce\/wp-content\/uploads\/2020\/08\/Imagen-2-640x38.png 640w, https:\/\/pcce.com.ar\/pcce\/wp-content\/uploads\/2020\/08\/Imagen-2-681x41.png 681w\" sizes=\"auto, (max-width: 1066px) 100vw, 1066px\" \/><\/strong><\/p>\n","protected":false},"excerpt":{"rendered":"<p>\u00a1Hasta la victoria siempre Nora Etchenique! Hoy nos enteramos del fallecimiento de la compa\u00f1era Nora Etchenique, Directora del Instituto de Hemoterapia de la provincia de Buenos Aires. Perdi\u00f3 su vida en un accidente automovil\u00edstico mientras cumpl\u00eda funciones en el marco de la dura batalla sanitaria que nuestro pa\u00eds libra frente a la pandemia del COVID-19. [&hellip;]<\/p>\n","protected":false},"author":1,"featured_media":0,"comment_status":"closed","ping_status":"closed","sticky":false,"template":"","format":"standard","meta":{"tdm_status":"","tdm_grid_status":"","footnotes":""},"categories":[22],"tags":[],"class_list":["post-4958","post","type-post","status-publish","format-standard","hentry","category-comunicado"],"_links":{"self":[{"href":"https:\/\/pcce.com.ar\/pcce\/wp-json\/wp\/v2\/posts\/4958","targetHints":{"allow":["GET"]}}],"collection":[{"href":"https:\/\/pcce.com.ar\/pcce\/wp-json\/wp\/v2\/posts"}],"about":[{"href":"https:\/\/pcce.com.ar\/pcce\/wp-json\/wp\/v2\/types\/post"}],"author":[{"embeddable":true,"href":"https:\/\/pcce.com.ar\/pcce\/wp-json\/wp\/v2\/users\/1"}],"replies":[{"embeddable":true,"href":"https:\/\/pcce.com.ar\/pcce\/wp-json\/wp\/v2\/comments?post=4958"}],"version-history":[{"count":0,"href":"https:\/\/pcce.com.ar\/pcce\/wp-json\/wp\/v2\/posts\/4958\/revisions"}],"wp:attachment":[{"href":"https:\/\/pcce.com.ar\/pcce\/wp-json\/wp\/v2\/media?parent=4958"}],"wp:term":[{"taxonomy":"category","embeddable":true,"href":"https:\/\/pcce.com.ar\/pcce\/wp-json\/wp\/v2\/categories?post=4958"},{"taxonomy":"post_tag","embeddable":true,"href":"https:\/\/pcce.com.ar\/pcce\/wp-json\/wp\/v2\/tags?post=4958"}],"curies":[{"name":"wp","href":"https:\/\/api.w.org\/{rel}","templated":true}]}}