{"id":4998,"date":"2020-08-21T21:13:21","date_gmt":"2020-08-22T00:13:21","guid":{"rendered":"https:\/\/pcce.com.ar\/pcce\/?p=4998"},"modified":"2020-08-21T21:14:51","modified_gmt":"2020-08-22T00:14:51","slug":"covid-19-contra-la-pandemia-la-tarea-es-no-aflojar","status":"publish","type":"post","link":"https:\/\/pcce.com.ar\/pcce\/2020\/08\/21\/covid-19-contra-la-pandemia-la-tarea-es-no-aflojar\/","title":{"rendered":"COVID-19: Contra la pandemia, la tarea es no aflojar"},"content":{"rendered":"<div class=\"story\">\n<h3 class=\"copete-general\">Pese a que el horizonte de la vacuna ya est\u00e1 a la vista, la Argentina enfrenta m\u00faltiples desaf\u00edos para seguir enfrentando la pandemia de COVID 19: lograr que la poblaci\u00f3n se siga cuidando para que no colapse el sistema de salud, y socavar los intentos del establishment por sembrar la rebeld\u00eda y el consiguiente caos en materia sanitaria.<\/h3>\n<\/div>\n<div class=\"story\">\n<p class=\"capitular-texto-gral\">Es un gran alivio para el futuro (pero) no es una soluci\u00f3n para el presente. En el presente tenemos los mismos problemas\u201d. As\u00ed se refiri\u00f3 el Presidente Fern\u00e1ndez al acuerdo para que nuestro pa\u00eds produzca para Am\u00e9rica Latina la vacuna del laboratorio Astra-Zeneca y la Universidad de Oxford (Inglaterra), la noticia m\u00e1s resonante de las \u00faltimas semanas respecto a la lucha contra el COVID 19. Junto con M\u00e9xico, se producir\u00e1n inicialmente entre 150 y 250 millones de dosis, permitiendo la posibilidad de hacerse de la ansiada vacuna entre 6 y 12 meses antes de lo previsto, con lo que si los resultados de la fase III de experimentaci\u00f3n en que se encuentra la vacuna son positivos, para el primer semestre de 2021 comenzar\u00eda a implementarse. Pero la pandemia contin\u00faa, el AMBA sigue siendo el epicentro de contagios y otras provincias tambi\u00e9n se encuentran complicadas, como el caso de Jujuy, donde pese a su inicial discurso anticuarentena, el mismo Gerardo Morales se contagi\u00f3. Por otra parte, la pol\u00edtica de presi\u00f3n del establishment no cede, como se refleja en la \u00faltima movilizaci\u00f3n de la derecha del pasado 17 de agosto.<\/p>\n<p class=\"basic-paragraph\">Un gran acierto para el fortalecimiento del sistema sanitario fue el establecimiento temprano del ASPO (Aislamiento Social, Preventivo y Obligatorio), la famosa \u201ccuarentena\u201d que gracias al alto acatamiento que revisti\u00f3, sobretodo en los primeros dos meses, logr\u00f3 que el gobierno gane tiempo para preparar hospitales con insumos y nuevas unidades de terapia intensiva. Tambi\u00e9n permiti\u00f3 acumular conocimiento para que los profesionales de la salud act\u00faen bajo protocolos m\u00e1s efectivos en funci\u00f3n de bajar la letalidad y emplear mejores tratamientos (a este respecto, no debe perderse de vista que se est\u00e1 actuando contra un virus a\u00fan no conocido en su totalidad). Pero el ciclo de propagaci\u00f3n continu\u00f3, en particular gracias a las pol\u00edticas de continua apertura en la Ciudad y sus adyacencias conurbanas (como Vicente L\u00f3pez o San Isidro, de intendencias macristas).<\/p>\n<p class=\"basic-paragraph\">Por eso las ret\u00f3ricas presidenciales, y especialmente del gobierno de la Provincia de Buenos Aires, no son triunfalistas y van en l\u00ednea con la necesidad de seguir cuid\u00e1ndose. Pese a los buenos indicadores a nivel internacional (como la baja tasa de muertos cada cien mil habitantes en nuestro pa\u00eds respecto a Europa) la tasa de duplicaci\u00f3n de muertes en la Argentina no baja desde el mes de mayo, el promedio de contagios en la \u00faltima semana es de 5500 casos diarios, y nada indica que la evoluci\u00f3n cambie abruptamente para bien hasta que no se emplee la vacuna, m\u00e1s a\u00fan si las actividades se abren cada vez m\u00e1s y la poblaci\u00f3n \u201cle pierde el respeto\u201d a la enfermedad.<\/p>\n<p class=\"basic-paragraph\">A este respecto, en la \u00faltima comunicaci\u00f3n oficial conjunta emitida desde Olivos, Axel Kicillof fue categ\u00f3rico y el contraste con \u201cel pa\u00eds de las maravillas\u201d que dibuja Larreta en sus discursos fue m\u00e1s claro que nunca. Mientras en la Ciudad le otorgan un lugar central al permiso para realizar deportes individuales, el Gobernador bonaerense destaca que \u201cangustioso es cambiarse 46 veces el uniforme para poder atender pacientes, ver que se acaban las camas y que se te muera un familiar\u201d, poniendo el eje en el drama de miles de familias que pierden a un ser querido para toda la vida; y en el valor de los profesionales de la salud y personal de hospitales, cuyas vidas corren riesgo en la primera l\u00ednea de batalla contra el virus. Desde que empez\u00f3 la pandemia, ya son casi cuarenta los trabajadores de la salud fallecidos en la provincia de Buenos Aires por entrar en contacto con contagiados, adem\u00e1s de la falta de profesionales de terapia intensiva que hay en muchos centros hospitalarios.<\/p>\n<p class=\"basic-paragraph\">La otra cuesti\u00f3n de relevancia a la que apunt\u00f3 el Gobernador es el tema de la ocupaci\u00f3n de camas. Y aqu\u00ed tambi\u00e9n hay un contraste notorio con la Ciudad: los informes oficiales del distrito m\u00e1s rico del pa\u00eds son confusos a este respecto. Sugestivamente, siempre se\u00f1alan que las camas UTI ocupadas son inferiores al 70% (el n\u00famero estimado del colapso). Contrastando estos datos con los que proporcionan los trabajadores, se puede conjeturar que acuden a estratagemas de manipulaci\u00f3n de la informaci\u00f3n como contar camas que no est\u00e1n disponibles en determinados hospitales. El tema del derecho p\u00fablico a la informaci\u00f3n es de importancia: por eso el Ministerio de Salud de la Naci\u00f3n estableci\u00f3 el Tablero de Control Interactivo, a trav\u00e9s del cual se puede realizar un seguimiento en tiempo real de los ingresos y egresos de pacientes en camas de terapia intensiva, cantidad de respiradores y otros recursos cr\u00edticos disponibles en cada establecimiento.<\/p>\n<p class=\"basic-paragraph\">Para los que se preguntan para qu\u00e9 sirvi\u00f3 el ASPO, basta comprobar que en las \u00faltimas semanas se inauguraron cinco hospitales modulares en Chaco, C\u00f3rdoba, Santa Fe y Mar del Plata; y en la Provincia de Buenos Aires se inauguraron el Hospital General de Agudos Ren\u00e9 Favaloro en Isidro Casanova, La Matanza; el Hospital del Bicentenario en Ituzaing\u00f3; cinco centros de Atenci\u00f3n Primaria de la Salud en Almirante Brown; una nueva UTI en el Hospital Interzonal General de Agudos de Gral. Rodr\u00edguez. Adem\u00e1s, en este \u00faltimo distrito comenzaron a implementarse los programas \u201cAcompa\u00f1ar\u201d, destinado a la asistencia de pacientes leves de Covid-19, y \u201cSUMAR\u201d, para equipar instituciones de salud privadas; junto con la campa\u00f1a \u201cDon\u00e1 Plasma\u201d para alentar que pacientes recuperados donen este importante recurso.<\/p>\n<p class=\"basic-paragraph\">Las movilizaciones en epicentros urbanos del 17 de agosto violaron disposiciones sanitarias de orden p\u00fablico, poniendo en jaque el derecho a la salud en pos de agitar un pu\u00f1ado de consignas que van desde la denuncia sin argumentos contra la reforma judicial, hasta el pedido de mano dura. Y como es de triste costumbre, los medios concentrados de la informaci\u00f3n hicieron su parte fundamental para que se salga sin miedo a la calle: pueblan las pantallas m\u00e1s vistas y las p\u00e1ginas m\u00e1s le\u00eddas con informaciones de dudosa veracidad que van desde la recomendaci\u00f3n de qu\u00edmicos no aprobados por protocolos de salud, hasta un tratamiento despersonalizado y abstracto de la enfermedad, con muertos sin nombres ni rostros, que contribuye a construir una sensaci\u00f3n de ajenidad con un problema que lejos se encuentra de estar controlado.<\/p>\n<\/div>\n<p class=\"x-ning-n-estilo-de-p-rrafo-\"><span style=\"color: #3366ff;\"><strong>LA VACUNA<\/strong><\/span><\/p>\n<p class=\"x-ning-n-estilo-de-p-rrafo-\">Junto con M\u00e9xico, se producir\u00e1n inicialmente entre 150 y 250 millones de dosis de la vacuna de la Universidad de Oxford, permitiendo la posibilidad de hacerse de la ansiada vacuna entre 6 y 12 meses antes de lo previsto, con lo que si los resultados de la fase III de experimentaci\u00f3n en que se encuentra la vacuna son positivos, para el primer semestre de 2021 comenzar\u00eda a aplicarse.<\/p>\n<p class=\"x-ning-n-estilo-de-p-rrafo-\"><strong><span style=\"color: #3366ff;\">LOS LOGROS DEL ASPO<\/span><\/strong><\/p>\n<p class=\"x-ning-n-estilo-de-p-rrafo-\">Gracias al tiempo ganado a trav\u00e9s del aislamiento, en las \u00faltimas semanas se inauguraron cinco hospitales modulares en Chaco, C\u00f3rdoba, Santa Fe y Mar del Plata; y en la Provincia de Buenos Aires se inauguraron el Hospital General de Agudos Ren\u00e9 Favaloro en Isidro Casanova, La Matanza; el Hospital del Bicentenario en Ituzaing\u00f3; cinco centros de Atenci\u00f3n Primaria de la Salud en Almirante Brown; una nueva UTI en el Hospital Interzonal General de Agudos de Gral. Rodr\u00edguez.<\/p>\n<p class=\"x-ning-n-estilo-de-p-rrafo-\"><strong><span style=\"color: #3366ff;\">ACCESO P\u00daBLICO A LA INFORMACI\u00d3N<\/span><\/strong><\/p>\n<p class=\"x-ning-n-estilo-de-p-rrafo-\">En contraste a la manipulaci\u00f3n de datos en CABA, el Ministerio de Salud de la Naci\u00f3n estableci\u00f3 el Tablero de Control Interactivo, a trav\u00e9s del cual se puede realizar un seguimiento en tiempo real de los ingresos y egresos de pacientes en camas de terapia intensiva, cantidad de respiradores y otros recursos cr\u00edticos disponibles en cada establecimiento.<\/p>\n<p class=\"x-ning-n-estilo-de-p-rrafo-\"><span style=\"color: #3366ff;\"><strong>PROVINCIA DE BUENOS AIRES<\/strong><\/span><\/p>\n<p class=\"x-ning-n-estilo-de-p-rrafo-\">Comenzaron a implementarse los programas \u201cAcompa\u00f1ar\u201d, destinado a la asistencia de pacientes leves de Covid-19, y \u201cSUMAR\u201d, para equipar instituciones de salud privadas; junto con la campa\u00f1a \u201cDon\u00e1 Plasma\u201d para alentar que pacientes recuperados donen este importante recurso.<\/p>\n","protected":false},"excerpt":{"rendered":"<p>Pese a que el horizonte de la vacuna ya est\u00e1 a la vista, la Argentina enfrenta m\u00faltiples desaf\u00edos para seguir enfrentando la pandemia de COVID 19: lograr que la poblaci\u00f3n se siga cuidando para que no colapse el sistema de salud, y socavar los intentos del establishment por sembrar la rebeld\u00eda y el consiguiente caos [&hellip;]<\/p>\n","protected":false},"author":1,"featured_media":4970,"comment_status":"closed","ping_status":"closed","sticky":false,"template":"","format":"standard","meta":{"tdm_status":"","tdm_grid_status":"","footnotes":""},"categories":[4,39],"tags":[],"class_list":["post-4998","post","type-post","status-publish","format-standard","has-post-thumbnail","hentry","category-featured","category-nota-central"],"_links":{"self":[{"href":"https:\/\/pcce.com.ar\/pcce\/wp-json\/wp\/v2\/posts\/4998","targetHints":{"allow":["GET"]}}],"collection":[{"href":"https:\/\/pcce.com.ar\/pcce\/wp-json\/wp\/v2\/posts"}],"about":[{"href":"https:\/\/pcce.com.ar\/pcce\/wp-json\/wp\/v2\/types\/post"}],"author":[{"embeddable":true,"href":"https:\/\/pcce.com.ar\/pcce\/wp-json\/wp\/v2\/users\/1"}],"replies":[{"embeddable":true,"href":"https:\/\/pcce.com.ar\/pcce\/wp-json\/wp\/v2\/comments?post=4998"}],"version-history":[{"count":0,"href":"https:\/\/pcce.com.ar\/pcce\/wp-json\/wp\/v2\/posts\/4998\/revisions"}],"wp:featuredmedia":[{"embeddable":true,"href":"https:\/\/pcce.com.ar\/pcce\/wp-json\/wp\/v2\/media\/4970"}],"wp:attachment":[{"href":"https:\/\/pcce.com.ar\/pcce\/wp-json\/wp\/v2\/media?parent=4998"}],"wp:term":[{"taxonomy":"category","embeddable":true,"href":"https:\/\/pcce.com.ar\/pcce\/wp-json\/wp\/v2\/categories?post=4998"},{"taxonomy":"post_tag","embeddable":true,"href":"https:\/\/pcce.com.ar\/pcce\/wp-json\/wp\/v2\/tags?post=4998"}],"curies":[{"name":"wp","href":"https:\/\/api.w.org\/{rel}","templated":true}]}}