{"id":5026,"date":"2020-09-03T00:47:04","date_gmt":"2020-09-03T03:47:04","guid":{"rendered":"https:\/\/pcce.com.ar\/pcce\/?p=5026"},"modified":"2020-09-03T00:47:04","modified_gmt":"2020-09-03T03:47:04","slug":"sindicales-atilra-fuerza-y-conviccion","status":"publish","type":"post","link":"https:\/\/pcce.com.ar\/pcce\/2020\/09\/03\/sindicales-atilra-fuerza-y-conviccion\/","title":{"rendered":"SINDICALES ATILRA: fuerza y convicci\u00f3n"},"content":{"rendered":"<p class=\"capitular-texto-gral\">Tras una larga y tensa negociaci\u00f3n por la reapertura de la negociaci\u00f3n paritaria, los compa\u00f1eros y compa\u00f1eras de la Asociaci\u00f3n de Trabajadores de la Industria Lechera de la Rep\u00fablica Argentina (ATILRA) lograron cerrar con \u00e9xito un acuerdo salarial con las c\u00e1maras empresarias del sector lechero.<\/p>\n<p class=\"texto-general\">El debate se remonta casi hasta el principio de la cuarentena decretada en el pa\u00eds. En un contexto de pandemia, los trabajadores de la industria l\u00e1ctea acompa\u00f1aron las medidas del Gobierno Nacional para mitigar la propagaci\u00f3n del coronavirus y acataron todas las modificaciones y restricciones en el esquema laboral, incluso postergando el leg\u00edtimo derecho de reclamar por la apertura de la discusi\u00f3n paritaria en un completo acto de cooperaci\u00f3n y entendimiento de la coyuntura.<\/p>\n<p class=\"texto-general\">Adentrados en el mes de junio, el sindicato inici\u00f3 el pedido formal para comenzar a discutir la actualizaci\u00f3n de los salarios, que ya ven\u00edan totalmente depreciados tras los cuatro fat\u00eddicos a\u00f1os de ajuste macrista. Ante las reiteradas negativas para negociar tanto de la Asociaci\u00f3n de Peque\u00f1as y Medianas Empresas L\u00e1cteas (Apymel) como del Centro de la Industria Lechera (CIL), el sindicato, que adem\u00e1s integra la Corriente Federal de Trabajadores de la CGT, llam\u00f3 a un paro por 24 horas. Estigmatizaciones y campa\u00f1as medi\u00e1ticas mediante (por parte del sector empresario contra los trabajadores) desde ATILRA se mantuvo la decisi\u00f3n de continuar presentando alternativas que arribaran a un acuerdo garantizando adem\u00e1s la producci\u00f3n y distribuci\u00f3n de un producto tan esencial como la leche.<\/p>\n<p class=\"texto-general\">Ya decididos a ir hasta las \u00faltimas consecuencias con el anuncio de una tercera huelga -ya por 48 hs.- y con la conciliaci\u00f3n obligatoria dictada el Ministerio de Trabajo vencida, las c\u00e1maras empresarias no tuvieron m\u00e1s opci\u00f3n que negociar. Seg\u00fan el compa\u00f1ero y Secretario General de ATILRA General Rodr\u00edguez, Heber R\u00edos, el aumento salarial del 27,8% para 2020 y el aporte extraordinario para la obra social son fruto de la \u201cfortaleza y la convicci\u00f3n de los trabajadores organizados que lucharon por recuperar un nivel digno para sus salarios\u201d.<\/p>\n","protected":false},"excerpt":{"rendered":"<p>Tras una larga y tensa negociaci\u00f3n por la reapertura de la negociaci\u00f3n paritaria, los compa\u00f1eros y compa\u00f1eras de la Asociaci\u00f3n de Trabajadores de la Industria Lechera de la Rep\u00fablica Argentina (ATILRA) lograron cerrar con \u00e9xito un acuerdo salarial con las c\u00e1maras empresarias del sector lechero. El debate se remonta casi hasta el principio de la [&hellip;]<\/p>\n","protected":false},"author":1,"featured_media":5027,"comment_status":"closed","ping_status":"closed","sticky":false,"template":"","format":"standard","meta":{"tdm_status":"","tdm_grid_status":"","footnotes":""},"categories":[38,9],"tags":[],"class_list":["post-5026","post","type-post","status-publish","format-standard","has-post-thumbnail","hentry","category-sindical","category-vidadepartido"],"_links":{"self":[{"href":"https:\/\/pcce.com.ar\/pcce\/wp-json\/wp\/v2\/posts\/5026","targetHints":{"allow":["GET"]}}],"collection":[{"href":"https:\/\/pcce.com.ar\/pcce\/wp-json\/wp\/v2\/posts"}],"about":[{"href":"https:\/\/pcce.com.ar\/pcce\/wp-json\/wp\/v2\/types\/post"}],"author":[{"embeddable":true,"href":"https:\/\/pcce.com.ar\/pcce\/wp-json\/wp\/v2\/users\/1"}],"replies":[{"embeddable":true,"href":"https:\/\/pcce.com.ar\/pcce\/wp-json\/wp\/v2\/comments?post=5026"}],"version-history":[{"count":0,"href":"https:\/\/pcce.com.ar\/pcce\/wp-json\/wp\/v2\/posts\/5026\/revisions"}],"wp:featuredmedia":[{"embeddable":true,"href":"https:\/\/pcce.com.ar\/pcce\/wp-json\/wp\/v2\/media\/5027"}],"wp:attachment":[{"href":"https:\/\/pcce.com.ar\/pcce\/wp-json\/wp\/v2\/media?parent=5026"}],"wp:term":[{"taxonomy":"category","embeddable":true,"href":"https:\/\/pcce.com.ar\/pcce\/wp-json\/wp\/v2\/categories?post=5026"},{"taxonomy":"post_tag","embeddable":true,"href":"https:\/\/pcce.com.ar\/pcce\/wp-json\/wp\/v2\/tags?post=5026"}],"curies":[{"name":"wp","href":"https:\/\/api.w.org\/{rel}","templated":true}]}}