{"id":5078,"date":"2020-09-19T12:57:01","date_gmt":"2020-09-19T15:57:01","guid":{"rendered":"https:\/\/pcce.com.ar\/pcce\/?p=5078"},"modified":"2020-09-19T12:57:01","modified_gmt":"2020-09-19T15:57:01","slug":"noche-de-los-lapices-encuentro-juvenil-con-axel","status":"publish","type":"post","link":"https:\/\/pcce.com.ar\/pcce\/2020\/09\/19\/noche-de-los-lapices-encuentro-juvenil-con-axel\/","title":{"rendered":"NOCHE DE LOS L\u00c1PICES: Encuentro juvenil con Axel"},"content":{"rendered":"<p>El 16 de septiembre participamos de un encuentro virtual con el compa\u00f1ero gobernador Axel Kicillof, con motivo del aniversario de la Noche de los L\u00e1pices. En representaci\u00f3n de nuestro Partido estuvo presente el compa\u00f1ero Manuel Samaja. Tras los anuncios referidos al reforzamiento de programas para la juventud, el gobernador habl\u00f3 sobre la importancia hist\u00f3rica de la Juventud en la construcci\u00f3n del proyecto Nacional, Popular y Democr\u00e1tico, por el cual lucharon los desaparecidos y que hoy estamos transformando en realidad, de la mano del gobierno de Alberto, Cristina y Axel.<\/p>\n","protected":false},"excerpt":{"rendered":"<p>El 16 de septiembre participamos de un encuentro virtual con el compa\u00f1ero gobernador Axel Kicillof, con motivo del aniversario de la Noche de los L\u00e1pices. En representaci\u00f3n de nuestro Partido estuvo presente el compa\u00f1ero Manuel Samaja. Tras los anuncios referidos al reforzamiento de programas para la juventud, el gobernador habl\u00f3 sobre la importancia hist\u00f3rica de [&hellip;]<\/p>\n","protected":false},"author":1,"featured_media":5061,"comment_status":"closed","ping_status":"closed","sticky":false,"template":"","format":"standard","meta":{"tdm_status":"","tdm_grid_status":"","footnotes":""},"categories":[37,4,9],"tags":[],"class_list":["post-5078","post","type-post","status-publish","format-standard","has-post-thumbnail","hentry","category-estudiantil","category-featured","category-vidadepartido"],"_links":{"self":[{"href":"https:\/\/pcce.com.ar\/pcce\/wp-json\/wp\/v2\/posts\/5078","targetHints":{"allow":["GET"]}}],"collection":[{"href":"https:\/\/pcce.com.ar\/pcce\/wp-json\/wp\/v2\/posts"}],"about":[{"href":"https:\/\/pcce.com.ar\/pcce\/wp-json\/wp\/v2\/types\/post"}],"author":[{"embeddable":true,"href":"https:\/\/pcce.com.ar\/pcce\/wp-json\/wp\/v2\/users\/1"}],"replies":[{"embeddable":true,"href":"https:\/\/pcce.com.ar\/pcce\/wp-json\/wp\/v2\/comments?post=5078"}],"version-history":[{"count":0,"href":"https:\/\/pcce.com.ar\/pcce\/wp-json\/wp\/v2\/posts\/5078\/revisions"}],"wp:featuredmedia":[{"embeddable":true,"href":"https:\/\/pcce.com.ar\/pcce\/wp-json\/wp\/v2\/media\/5061"}],"wp:attachment":[{"href":"https:\/\/pcce.com.ar\/pcce\/wp-json\/wp\/v2\/media?parent=5078"}],"wp:term":[{"taxonomy":"category","embeddable":true,"href":"https:\/\/pcce.com.ar\/pcce\/wp-json\/wp\/v2\/categories?post=5078"},{"taxonomy":"post_tag","embeddable":true,"href":"https:\/\/pcce.com.ar\/pcce\/wp-json\/wp\/v2\/tags?post=5078"}],"curies":[{"name":"wp","href":"https:\/\/api.w.org\/{rel}","templated":true}]}}