{"id":5127,"date":"2020-10-01T00:23:19","date_gmt":"2020-10-01T03:23:19","guid":{"rendered":"https:\/\/pcce.com.ar\/pcce\/?p=5127"},"modified":"2020-10-01T00:23:19","modified_gmt":"2020-10-01T03:23:19","slug":"foro-juventudes-xxi-de-la-copppal-construir-la-unidad-de-la-juventud","status":"publish","type":"post","link":"https:\/\/pcce.com.ar\/pcce\/2020\/10\/01\/foro-juventudes-xxi-de-la-copppal-construir-la-unidad-de-la-juventud\/","title":{"rendered":"FORO JUVENTUDES XXI DE LA COPPPAL: Construir la Unidad de la Juventud"},"content":{"rendered":"<p class=\"capitular-texto-gral\">Entre el 15 y el 24 de septiembre se desarroll\u00f3 el Foro Juventudes XXI organizado por la Juventud de la Conferencia Permanente de Partidos Pol\u00edticos de Latinoam\u00e9rica (COPPPAL) del que participamos desde el PCCE.<\/p>\n<p class=\"texto-general\">El mismo cont\u00f3 con la participaci\u00f3n de importantes figuras como Ad\u00e1n Ch\u00e1vez Fr\u00edas y Eugenio Zaffaroni, entre otros. Con 8 paneles tem\u00e1ticos, el Foro se constituy\u00f3 como un importante espacio de encuentro juvenil para diversas organizaciones del continente.<\/p>\n<p class=\"texto-general\">Los comunistas reafirmamos la posici\u00f3n de la necesidad de defender a los gobiernos populares en la regi\u00f3n y consolidar la unidad necesaria para abrir paso a un nuevo proceso de transformaciones a escala continental.<\/p>\n","protected":false},"excerpt":{"rendered":"<p>Entre el 15 y el 24 de septiembre se desarroll\u00f3 el Foro Juventudes XXI organizado por la Juventud de la Conferencia Permanente de Partidos Pol\u00edticos de Latinoam\u00e9rica (COPPPAL) del que participamos desde el PCCE. El mismo cont\u00f3 con la participaci\u00f3n de importantes figuras como Ad\u00e1n Ch\u00e1vez Fr\u00edas y Eugenio Zaffaroni, entre otros. Con 8 paneles [&hellip;]<\/p>\n","protected":false},"author":1,"featured_media":5126,"comment_status":"closed","ping_status":"closed","sticky":false,"template":"","format":"standard","meta":{"tdm_status":"","tdm_grid_status":"","footnotes":""},"categories":[9],"tags":[],"class_list":["post-5127","post","type-post","status-publish","format-standard","has-post-thumbnail","hentry","category-vidadepartido"],"_links":{"self":[{"href":"https:\/\/pcce.com.ar\/pcce\/wp-json\/wp\/v2\/posts\/5127","targetHints":{"allow":["GET"]}}],"collection":[{"href":"https:\/\/pcce.com.ar\/pcce\/wp-json\/wp\/v2\/posts"}],"about":[{"href":"https:\/\/pcce.com.ar\/pcce\/wp-json\/wp\/v2\/types\/post"}],"author":[{"embeddable":true,"href":"https:\/\/pcce.com.ar\/pcce\/wp-json\/wp\/v2\/users\/1"}],"replies":[{"embeddable":true,"href":"https:\/\/pcce.com.ar\/pcce\/wp-json\/wp\/v2\/comments?post=5127"}],"version-history":[{"count":0,"href":"https:\/\/pcce.com.ar\/pcce\/wp-json\/wp\/v2\/posts\/5127\/revisions"}],"wp:featuredmedia":[{"embeddable":true,"href":"https:\/\/pcce.com.ar\/pcce\/wp-json\/wp\/v2\/media\/5126"}],"wp:attachment":[{"href":"https:\/\/pcce.com.ar\/pcce\/wp-json\/wp\/v2\/media?parent=5127"}],"wp:term":[{"taxonomy":"category","embeddable":true,"href":"https:\/\/pcce.com.ar\/pcce\/wp-json\/wp\/v2\/categories?post=5127"},{"taxonomy":"post_tag","embeddable":true,"href":"https:\/\/pcce.com.ar\/pcce\/wp-json\/wp\/v2\/tags?post=5127"}],"curies":[{"name":"wp","href":"https:\/\/api.w.org\/{rel}","templated":true}]}}