{"id":5177,"date":"2020-10-17T19:40:31","date_gmt":"2020-10-17T22:40:31","guid":{"rendered":"https:\/\/pcce.com.ar\/pcce\/?p=5177"},"modified":"2020-10-17T19:59:57","modified_gmt":"2020-10-17T22:59:57","slug":"corea-democratica-75-anos-del-ptc","status":"publish","type":"post","link":"https:\/\/pcce.com.ar\/pcce\/2020\/10\/17\/corea-democratica-75-anos-del-ptc\/","title":{"rendered":"COREA DEMOCR\u00c1TICA: 75 a\u00f1os del PTC"},"content":{"rendered":"<p class=\"capitular-texto-gral\">En la madrugada del 10 de octubre, en Pyongyang, capital de la Rep\u00fablica Popular Democr\u00e1tica de Corea (RPDC), se celebr\u00f3 el 75 aniversario de la fundaci\u00f3n del Partido del Trabajo de Corea (PTC), vanguardia del pueblo coreano que, bajo el liderazgo de su fundador, Kim Il Sung, supo liberar a su pa\u00eds del imperialismo japon\u00e9s en 1945 y luego del norteamericano en la Guerra de Corea (1950-1953), estableciendo un Estado socialista en el norte de la pen\u00ednsula. Hoy Corea del Norte es un estado soberano que construye el socialismo bajo su propia idiosincrasia cultural y particularidades nacionales.<\/p>\n<p class=\"texto-general\">En el evento, que transcurri\u00f3 de noche, Corea Popular exhibi\u00f3 su poder\u00edo militar y tecnol\u00f3gico de punta, adem\u00e1s de mostrar a decenas de miles de sus ciudadanos marchando orgullosos a la par de sus aviones, tanques y armamento. Seg\u00fan expertos norteamericanos, en el desfile se mostr\u00f3 un misil bal\u00edstico intercontinental (ICBM) de 11 ejes, lo que lo convertir\u00eda en uno de los misiles bal\u00edsticos intercontinentales m\u00f3viles m\u00e1s grandes del mundo. \u201cEl misil de combustible l\u00edquido m\u00e1s grande de cualquier lugar, para ser claros\u201d, precisaron desde la Federaci\u00f3n de Cient\u00edficos Estadounidenses. Si bien esa fue la joya de la demostraci\u00f3n, tambi\u00e9n desfilaron misiles de mayor alcance como el conocido Hwasong-15, y misiles bal\u00edsticos con capacidad de ser lanzados desde submarinos (SLBM).<\/p>\n<p class=\"texto-general\">Kim Jong Un, L\u00edder y Presidente de la Comisi\u00f3n de Asuntos Estatales de la RPDC, habl\u00f3 de los avances del pa\u00eds en todos los \u00e1mbitos (econ\u00f3micos, sociales y militares) particularmente en ser uno de los pocos pa\u00edses sin fallecimientos por COVID-19. Tambi\u00e9n se refiri\u00f3 al objetivo exclusivamente disuasivo de su poder\u00edo militar, \u00fanica forma para garantizar la paz en las actuales condiciones del mundo.<\/p>\n","protected":false},"excerpt":{"rendered":"<p>En la madrugada del 10 de octubre, en Pyongyang, capital de la Rep\u00fablica Popular Democr\u00e1tica de Corea (RPDC), se celebr\u00f3 el 75 aniversario de la fundaci\u00f3n del Partido del Trabajo de Corea (PTC), vanguardia del pueblo coreano que, bajo el liderazgo de su fundador, Kim Il Sung, supo liberar a su pa\u00eds del imperialismo japon\u00e9s [&hellip;]<\/p>\n","protected":false},"author":1,"featured_media":5159,"comment_status":"closed","ping_status":"closed","sticky":false,"template":"","format":"standard","meta":{"tdm_status":"","tdm_grid_status":"","footnotes":""},"categories":[14],"tags":[],"class_list":["post-5177","post","type-post","status-publish","format-standard","has-post-thumbnail","hentry","category-americalatinayelmundo"],"_links":{"self":[{"href":"https:\/\/pcce.com.ar\/pcce\/wp-json\/wp\/v2\/posts\/5177","targetHints":{"allow":["GET"]}}],"collection":[{"href":"https:\/\/pcce.com.ar\/pcce\/wp-json\/wp\/v2\/posts"}],"about":[{"href":"https:\/\/pcce.com.ar\/pcce\/wp-json\/wp\/v2\/types\/post"}],"author":[{"embeddable":true,"href":"https:\/\/pcce.com.ar\/pcce\/wp-json\/wp\/v2\/users\/1"}],"replies":[{"embeddable":true,"href":"https:\/\/pcce.com.ar\/pcce\/wp-json\/wp\/v2\/comments?post=5177"}],"version-history":[{"count":0,"href":"https:\/\/pcce.com.ar\/pcce\/wp-json\/wp\/v2\/posts\/5177\/revisions"}],"wp:featuredmedia":[{"embeddable":true,"href":"https:\/\/pcce.com.ar\/pcce\/wp-json\/wp\/v2\/media\/5159"}],"wp:attachment":[{"href":"https:\/\/pcce.com.ar\/pcce\/wp-json\/wp\/v2\/media?parent=5177"}],"wp:term":[{"taxonomy":"category","embeddable":true,"href":"https:\/\/pcce.com.ar\/pcce\/wp-json\/wp\/v2\/categories?post=5177"},{"taxonomy":"post_tag","embeddable":true,"href":"https:\/\/pcce.com.ar\/pcce\/wp-json\/wp\/v2\/tags?post=5177"}],"curies":[{"name":"wp","href":"https:\/\/api.w.org\/{rel}","templated":true}]}}