{"id":5226,"date":"2020-11-02T14:00:08","date_gmt":"2020-11-02T17:00:08","guid":{"rendered":"https:\/\/pcce.com.ar\/pcce\/?p=5226"},"modified":"2020-11-02T14:00:08","modified_gmt":"2020-11-02T17:00:08","slug":"no-son-solo-memoria-pablo-horacio-galarcep","status":"publish","type":"post","link":"https:\/\/pcce.com.ar\/pcce\/2020\/11\/02\/no-son-solo-memoria-pablo-horacio-galarcep\/","title":{"rendered":"NO SON S\u00d3LO MEMORIA: Pablo Horacio Galarcep"},"content":{"rendered":"<p class=\"capitular-texto-gral\">El camarada Pablo Galarcep era estudiante de la Facultad de Arquitectura y Urbanismo de la Universidad de Buenos Aires (UBA) y activo militante de la Federaci\u00f3n Juvenil Comunista.<\/p>\n<p class=\"texto-general\">Cursaba el cuarto a\u00f1o de su carrera y trabajaba como dibujante en un estudio de ingenier\u00eda. Viv\u00eda en el barrio de Belgrano de la Ciudad de Buenos Aires junto a sus padres y dos hermanos menores.<\/p>\n<p class=\"texto-general\">Sus preocupaciones y su compromiso militantes hicieron que sus compa\u00f1eros lo eligieran para representarlos en la Comisi\u00f3n Directiva del Centro de Estudiantes de Arquitectura de la UBA. Adem\u00e1s, era Socio Aspirante a la Comisi\u00f3n Central de la Sociedad de Arquitectos, donde llevaba adelante una ponencia estudiantil para ser presentada en el Congreso Mundial de la Uni\u00f3n Internacional de Arquitectos.<\/p>\n<p class=\"texto-general\">Fue secuestrado en su domicilio el d\u00eda 26 de octubre de 1977, a las dos de la madrugada, en un operativo de m\u00e1s de cien efectivos que dec\u00edan pertenecer a \u201cfuerzas conjuntas de seguridad\u201d. Tras ingresar a su casa e interrogar brutalmente a su madre, esperaron su llegada para detenerlo. Desde entonces, permanece desaparecido. Hab\u00eda nacido el 7 de febrero de 1954. Ten\u00eda 23 a\u00f1os.<\/p>\n<p class=\"texto-general\">Las investigaciones judiciales arribaron a la conclusi\u00f3n de que la responsabilidad criminal de lesa humanidad por la desaparici\u00f3n de Pablo Galarcep reca\u00eda en el genocida Contralmirante Rub\u00e9n Jacinto Chamorro (mano derecha del genocida Almirante Emilio Eduardo Massera) y otros oficiales que operaron en el Centro Clandestino de Detenci\u00f3n de la ex Escuela de Mec\u00e1nica de la Armada (ESMA).<\/p>\n<p class=\"texto-general\">El por entonces director de la ESMA (1975-1979), Rub\u00e9n Jacinto Chamorro, fue detenido y procesado, antes de su muerte, por esta causa. Y ha sido y ser\u00e1 por siempre condenado por la Historia.<\/p>\n","protected":false},"excerpt":{"rendered":"<p>El camarada Pablo Galarcep era estudiante de la Facultad de Arquitectura y Urbanismo de la Universidad de Buenos Aires (UBA) y activo militante de la Federaci\u00f3n Juvenil Comunista. Cursaba el cuarto a\u00f1o de su carrera y trabajaba como dibujante en un estudio de ingenier\u00eda. Viv\u00eda en el barrio de Belgrano de la Ciudad de Buenos [&hellip;]<\/p>\n","protected":false},"author":1,"featured_media":5210,"comment_status":"closed","ping_status":"closed","sticky":false,"template":"","format":"standard","meta":{"tdm_status":"","tdm_grid_status":"","footnotes":""},"categories":[9],"tags":[],"class_list":["post-5226","post","type-post","status-publish","format-standard","has-post-thumbnail","hentry","category-vidadepartido"],"_links":{"self":[{"href":"https:\/\/pcce.com.ar\/pcce\/wp-json\/wp\/v2\/posts\/5226","targetHints":{"allow":["GET"]}}],"collection":[{"href":"https:\/\/pcce.com.ar\/pcce\/wp-json\/wp\/v2\/posts"}],"about":[{"href":"https:\/\/pcce.com.ar\/pcce\/wp-json\/wp\/v2\/types\/post"}],"author":[{"embeddable":true,"href":"https:\/\/pcce.com.ar\/pcce\/wp-json\/wp\/v2\/users\/1"}],"replies":[{"embeddable":true,"href":"https:\/\/pcce.com.ar\/pcce\/wp-json\/wp\/v2\/comments?post=5226"}],"version-history":[{"count":0,"href":"https:\/\/pcce.com.ar\/pcce\/wp-json\/wp\/v2\/posts\/5226\/revisions"}],"wp:featuredmedia":[{"embeddable":true,"href":"https:\/\/pcce.com.ar\/pcce\/wp-json\/wp\/v2\/media\/5210"}],"wp:attachment":[{"href":"https:\/\/pcce.com.ar\/pcce\/wp-json\/wp\/v2\/media?parent=5226"}],"wp:term":[{"taxonomy":"category","embeddable":true,"href":"https:\/\/pcce.com.ar\/pcce\/wp-json\/wp\/v2\/categories?post=5226"},{"taxonomy":"post_tag","embeddable":true,"href":"https:\/\/pcce.com.ar\/pcce\/wp-json\/wp\/v2\/tags?post=5226"}],"curies":[{"name":"wp","href":"https:\/\/api.w.org\/{rel}","templated":true}]}}