{"id":5231,"date":"2020-11-02T14:08:34","date_gmt":"2020-11-02T17:08:34","guid":{"rendered":"https:\/\/pcce.com.ar\/pcce\/?p=5231"},"modified":"2020-11-02T14:08:34","modified_gmt":"2020-11-02T17:08:34","slug":"encuentro-con-hector-amichetti-defendemos-el-sindicalismo-de-liberacion","status":"publish","type":"post","link":"https:\/\/pcce.com.ar\/pcce\/2020\/11\/02\/encuentro-con-hector-amichetti-defendemos-el-sindicalismo-de-liberacion\/","title":{"rendered":"ENCUENTRO CON H\u00c9CTOR AMICHETTI: \u201cDefendemos el sindicalismo de liberaci\u00f3n\u201d"},"content":{"rendered":"<div class=\"group\">\n<div class=\"story\">\n<p class=\"copete-general\">El secretario general de la Federaci\u00f3n Gr\u00e1fica Bonaerense y referente de la Corriente Federal de Trabajadores de la CGT, analiz\u00f3 el papel que le compete a la clase obrera de cara al desaf\u00edo de profundizar el proyecto nacional en un contexto de fuertes disputas e intentos desestabilizadores.<\/p>\n<\/div>\n<\/div>\n<div class=\"story\">\n<p class=\"capitular-texto-gral\">El pasado viernes 23 un grupo de m\u00e1s de 20 dirigentes sindicales del Partido mantuvieron un encuentro con el compa\u00f1ero H\u00e9ctor Amichetti. El camarada Ezequiel D\u2019Adamo fue el encargado de la apertura y el saludo inicial. All\u00ed, plante\u00f3 algunos interrogantes orientados a pensar la disputa actual con los factores de poder y en c\u00f3mo resolver la crisis desatada por el neoliberalismo en nuestro pa\u00eds.<\/p>\n<p class=\"texto-general\">En un intercambio de ideas que dur\u00f3 poco m\u00e1s de dos horas, Amichetti arroj\u00f3 una serie de elementos reivindicativos de la lucha obrera que a su entender significan la vigencia de un sindicalismo de liberaci\u00f3n expresado, entre otros, por la Corriente Federal de Trabajadores de la CGT. Luego de poner en valor el importante nivel de conciencia y organizaci\u00f3n que cobraron las bases obreras durante los per\u00edodos dictatoriales, el dirigente gr\u00e1fico puso el acento en la necesidad de mantener la l\u00ednea program\u00e1tica del movimiento obrero para que este juegue un papel protag\u00f3nico en la confrontaci\u00f3n actual.<\/p>\n<p class=\"texto-general\">Durante la conversaci\u00f3n, surgieron distintos interrogantes que permitieron pensar en los desaf\u00edos por venir que se le presentan al movimiento obrero y al campo popular en general. Al respecto, el referente de la Corriente Federal dej\u00f3 marcada una idea central: \u201csi no afectamos ciertos sectores econ\u00f3micos no vamos a poder profundizar el proyecto nacional. El proyecto de pa\u00eds es decidir un proyecto de liberaci\u00f3n que hoy pasa por recuperar el control de la econom\u00eda, afectando el inter\u00e9s del sistema financiero y el poder de los bancos\u201d.<\/p>\n<p class=\"texto-general\">El encuentro cont\u00f3 con representaciones de m\u00e1s de 15 sindicatos de todo el pa\u00eds entre el sector p\u00fablico y privado, tanto de la CGT como de las CTA. Dirigentes como Vladimir Androsiuk, Florencia Diasprotti, Andr\u00e9s Calabrasa, Luciana Revas y Nicol\u00e1s Gonz\u00e1lez pudieron relatar distintas experiencias sindicales de resistencia al neoliberalismo durante la gesti\u00f3n de Macri. En ese contexto, El Gringo apunt\u00f3 a la c\u00fapula de la CGT y destac\u00f3 el rol combativo de las bases en la resistencia al macrismo: \u201clo que no se genera desde arriba, se genera desde abajo. Y as\u00ed fue. No le dimos respiro al macrismo. Tenemos que dar forma organizativa, con unidad en la acci\u00f3n, y lo hicimos con amplios sectores del movimiento argentino\u201d.<\/p>\n<p class=\"texto-general\">Despu\u00e9s de reivindicar el proyecto pol\u00edtico iniciado por N\u00e9stor y Cristina, Amichetti destac\u00f3 el enorme apoyo popular que recibi\u00f3 el gobierno nacional ante la pandemia y los intentos desestabilizadores. En ese marco expres\u00f3 que \u201clo peor que nos puede pasar es la resignaci\u00f3n de un pueblo. Hay que batallar muy fuerte contra eso\u201d.<\/p>\n<p class=\"texto-general\">Para cerrar, El Gringo manifest\u00f3 su gratificaci\u00f3n por la victoria del MAS en Bolivia a tan solo un a\u00f1o del golpe de Estado a Evo Morales. Llam\u00f3 a tomar el caso como relevante y a tener en cuenta en tanto que demostr\u00f3 que existen condiciones objetivas y subjetivas para revertir la situaci\u00f3n de dominaci\u00f3n y sufrimiento de nuestros pueblos.<\/p>\n<p class=\"texto-general\">La charla completa se podr\u00e1 visualizar en las redes del Partido desde el 31 de octubre.<\/p>\n<\/div>\n","protected":false},"excerpt":{"rendered":"<p>El secretario general de la Federaci\u00f3n Gr\u00e1fica Bonaerense y referente de la Corriente Federal de Trabajadores de la CGT, analiz\u00f3 el papel que le compete a la clase obrera de cara al desaf\u00edo de profundizar el proyecto nacional en un contexto de fuertes disputas e intentos desestabilizadores. El pasado viernes 23 un grupo de m\u00e1s [&hellip;]<\/p>\n","protected":false},"author":1,"featured_media":5206,"comment_status":"closed","ping_status":"closed","sticky":false,"template":"","format":"standard","meta":{"tdm_status":"","tdm_grid_status":"","footnotes":""},"categories":[4,38,9],"tags":[],"class_list":["post-5231","post","type-post","status-publish","format-standard","has-post-thumbnail","hentry","category-featured","category-sindical","category-vidadepartido"],"_links":{"self":[{"href":"https:\/\/pcce.com.ar\/pcce\/wp-json\/wp\/v2\/posts\/5231","targetHints":{"allow":["GET"]}}],"collection":[{"href":"https:\/\/pcce.com.ar\/pcce\/wp-json\/wp\/v2\/posts"}],"about":[{"href":"https:\/\/pcce.com.ar\/pcce\/wp-json\/wp\/v2\/types\/post"}],"author":[{"embeddable":true,"href":"https:\/\/pcce.com.ar\/pcce\/wp-json\/wp\/v2\/users\/1"}],"replies":[{"embeddable":true,"href":"https:\/\/pcce.com.ar\/pcce\/wp-json\/wp\/v2\/comments?post=5231"}],"version-history":[{"count":0,"href":"https:\/\/pcce.com.ar\/pcce\/wp-json\/wp\/v2\/posts\/5231\/revisions"}],"wp:featuredmedia":[{"embeddable":true,"href":"https:\/\/pcce.com.ar\/pcce\/wp-json\/wp\/v2\/media\/5206"}],"wp:attachment":[{"href":"https:\/\/pcce.com.ar\/pcce\/wp-json\/wp\/v2\/media?parent=5231"}],"wp:term":[{"taxonomy":"category","embeddable":true,"href":"https:\/\/pcce.com.ar\/pcce\/wp-json\/wp\/v2\/categories?post=5231"},{"taxonomy":"post_tag","embeddable":true,"href":"https:\/\/pcce.com.ar\/pcce\/wp-json\/wp\/v2\/tags?post=5231"}],"curies":[{"name":"wp","href":"https:\/\/api.w.org\/{rel}","templated":true}]}}